{"id":25640,"date":"2023-03-01T12:49:48","date_gmt":"2023-03-01T15:49:48","guid":{"rendered":"https:\/\/fiorellalarosa.com\/?p=25640"},"modified":"2023-03-02T15:58:33","modified_gmt":"2023-03-02T18:58:33","slug":"museo-de-ana-frank-en-argentina","status":"publish","type":"post","link":"https:\/\/fiorellalarosa.com\/?p=25640","title":{"rendered":"Museo de Ana Frank en Argentina"},"content":{"rendered":"\n<p>Si estas en la Ciudad de Buenos Aires ya no necesitas viajar a \u00c1msterdam para visitar un museo de Ana Frank, ya que ha abierto el \u00fanico museo en Am\u00e9rica Latina que busca salvaguardar la memoria de la joven escritora, v\u00edctima del r\u00e9gimen nazi.<\/p>\n\n\n\n<div style=\"height:20px\" aria-hidden=\"true\" class=\"wp-block-spacer\"><\/div>\n\n\n\n<p>El recorrido incluye una l\u00ednea de tiempo fotogr\u00e1fica de Ana Frank y el nazismo, con textos de su diario, objetos originales y, en sus jardines, cuenta con un reto\u00f1o del Casta\u00f1o original al que Ana le escrib\u00eda durante su ocultamiento.<\/p>\n\n\n\n<figure class=\"wp-block-image aligncenter size-large is-resized\"><img decoding=\"async\" src=\"https:\/\/fiorellalarosa.com\/wp-content\/uploads\/2023\/03\/IMG_7922-1-741x1024.jpg\" alt=\"\" class=\"wp-image-25672\" width=\"-325\" height=\"-449\" srcset=\"https:\/\/fiorellalarosa.com\/wp-content\/uploads\/2023\/03\/IMG_7922-1-741x1024.jpg 741w, https:\/\/fiorellalarosa.com\/wp-content\/uploads\/2023\/03\/IMG_7922-1-217x300.jpg 217w, https:\/\/fiorellalarosa.com\/wp-content\/uploads\/2023\/03\/IMG_7922-1-768x1061.jpg 768w, https:\/\/fiorellalarosa.com\/wp-content\/uploads\/2023\/03\/IMG_7922-1-1112x1536.jpg 1112w, https:\/\/fiorellalarosa.com\/wp-content\/uploads\/2023\/03\/IMG_7922-1-1482x2048.jpg 1482w, https:\/\/fiorellalarosa.com\/wp-content\/uploads\/2023\/03\/IMG_7922-1-scaled.jpg 1853w\" sizes=\"(max-width: 741px) 100vw, 741px\" \/><\/figure>\n\n\n\n<p>Por si fuera poco, cuenta con una r\u00e9plica del reconocido diario y una recreaci\u00f3n escenogr\u00e1fica del escondite donde la joven estuvo oculta junto a otras siete personas durante m\u00e1s de dos a\u00f1os.<\/p>\n\n\n\n<figure class=\"wp-block-image aligncenter size-large is-resized\"><img loading=\"lazy\" decoding=\"async\" src=\"https:\/\/fiorellalarosa.com\/wp-content\/uploads\/2023\/03\/IMG_7911-1-1024x717.jpg\" alt=\"\" class=\"wp-image-25673\" width=\"553\" height=\"387\" srcset=\"https:\/\/fiorellalarosa.com\/wp-content\/uploads\/2023\/03\/IMG_7911-1-1024x717.jpg 1024w, https:\/\/fiorellalarosa.com\/wp-content\/uploads\/2023\/03\/IMG_7911-1-300x210.jpg 300w, https:\/\/fiorellalarosa.com\/wp-content\/uploads\/2023\/03\/IMG_7911-1-768x538.jpg 768w, https:\/\/fiorellalarosa.com\/wp-content\/uploads\/2023\/03\/IMG_7911-1-1536x1076.jpg 1536w, https:\/\/fiorellalarosa.com\/wp-content\/uploads\/2023\/03\/IMG_7911-1-2048x1435.jpg 2048w\" sizes=\"auto, (max-width: 553px) 100vw, 553px\" \/><\/figure>\n\n\n\n<p>Si te interesa conocer un poco m\u00e1s sobre la historia del holocausto y lo que vivieron las personas en aquel momento, este es un excelente plan para grandes y chicos para aprender y reflexionar sobre el perjuicio del antisemitismo, el racismo y la discriminaci\u00f3n, resaltando los valores de la libertad y los derechos humanos, con el fin de lograr una sociedad inclusiva.<\/p>\n\n\n\n<div style=\"height:20px\" aria-hidden=\"true\" class=\"wp-block-spacer\"><\/div>\n\n\n\n<p><strong>Ubicaci\u00f3n:<\/strong> Super\u00ed 2447, C.A.B.A.<\/p>\n\n\n\n<p><strong>Precio:<\/strong><\/p>\n\n\n\n<ul class=\"wp-block-list\">\n<li>450 AR$ Ni\u00f1os<\/li>\n\n\n\n<li>550 AR$ Adultos<\/li>\n<\/ul>\n\n\n\n<div style=\"height:20px\" aria-hidden=\"true\" class=\"wp-block-spacer\"><\/div>\n\n\n\n<p>Por \u00faltimo, te comparto un video que hice con un resumen:<\/p>\n\n\n\n<figure class=\"wp-block-embed is-type-video is-provider-youtube wp-block-embed-youtube wp-embed-aspect-16-9 wp-has-aspect-ratio\"><div class=\"wp-block-embed__wrapper\">\n<iframe loading=\"lazy\" title=\"Museo Ana Frank en Argentina\" width=\"500\" height=\"281\" src=\"https:\/\/www.youtube.com\/embed\/a9DhzU7oOQE?feature=oembed\" frameborder=\"0\" allow=\"accelerometer; autoplay; clipboard-write; encrypted-media; gyroscope; picture-in-picture; web-share\" referrerpolicy=\"strict-origin-when-cross-origin\" allowfullscreen><\/iframe>\n<\/div><\/figure>\n","protected":false},"excerpt":{"rendered":"<p>Si estas en la Ciudad de Buenos Aires ya no necesitas viajar a \u00c1msterdam para visitar un museo de Ana Frank, ya que ha abierto el \u00fanico museo en Am\u00e9rica Latina que busca salvaguardar la memoria de la joven escritora, v\u00edctima del r\u00e9gimen nazi. El recorrido incluye una l\u00ednea de tiempo fotogr\u00e1fica de Ana Frank [&hellip;]<\/p>\n","protected":false},"author":1,"featured_media":25731,"comment_status":"open","ping_status":"open","sticky":false,"template":"","format":"standard","meta":{"_uag_custom_page_level_css":"","site-sidebar-layout":"default","site-content-layout":"","ast-site-content-layout":"default","site-content-style":"default","site-sidebar-style":"default","ast-global-header-display":"","ast-banner-title-visibility":"","ast-main-header-display":"","ast-hfb-above-header-display":"","ast-hfb-below-header-display":"","ast-hfb-mobile-header-display":"","site-post-title":"","ast-breadcrumbs-content":"","ast-featured-img":"","footer-sml-layout":"","ast-disable-related-posts":"","theme-transparent-header-meta":"","adv-header-id-meta":"","stick-header-meta":"","header-above-stick-meta":"","header-main-stick-meta":"","header-below-stick-meta":"","astra-migrate-meta-layouts":"default","ast-page-background-enabled":"default","ast-page-background-meta":{"desktop":{"background-color":"","background-image":"","background-repeat":"repeat","background-position":"center center","background-size":"auto","background-attachment":"scroll","background-type":"","background-media":"","overlay-type":"","overlay-color":"","overlay-opacity":"","overlay-gradient":""},"tablet":{"background-color":"","background-image":"","background-repeat":"repeat","background-position":"center center","background-size":"auto","background-attachment":"scroll","background-type":"","background-media":"","overlay-type":"","overlay-color":"","overlay-opacity":"","overlay-gradient":""},"mobile":{"background-color":"","background-image":"","background-repeat":"repeat","background-position":"center center","background-size":"auto","background-attachment":"scroll","background-type":"","background-media":"","overlay-type":"","overlay-color":"","overlay-opacity":"","overlay-gradient":""}},"ast-content-background-meta":{"desktop":{"background-color":"var(--ast-global-color-5)","background-image":"","background-repeat":"repeat","background-position":"center center","background-size":"auto","background-attachment":"scroll","background-type":"","background-media":"","overlay-type":"","overlay-color":"","overlay-opacity":"","overlay-gradient":""},"tablet":{"background-color":"var(--ast-global-color-5)","background-image":"","background-repeat":"repeat","background-position":"center center","background-size":"auto","background-attachment":"scroll","background-type":"","background-media":"","overlay-type":"","overlay-color":"","overlay-opacity":"","overlay-gradient":""},"mobile":{"background-color":"var(--ast-global-color-5)","background-image":"","background-repeat":"repeat","background-position":"center center","background-size":"auto","background-attachment":"scroll","background-type":"","background-media":"","overlay-type":"","overlay-color":"","overlay-opacity":"","overlay-gradient":""}},"_jetpack_memberships_contains_paid_content":false,"footnotes":""},"categories":[41],"tags":[],"class_list":["post-25640","post","type-post","status-publish","format-standard","has-post-thumbnail","hentry","category-buenos-aires"],"jetpack_featured_media_url":"https:\/\/fiorellalarosa.com\/wp-content\/uploads\/2023\/03\/IMG_7877.jpg","uagb_featured_image_src":{"full":["https:\/\/fiorellalarosa.com\/wp-content\/uploads\/2023\/03\/IMG_7877.jpg",2496,1552,false],"thumbnail":["https:\/\/fiorellalarosa.com\/wp-content\/uploads\/2023\/03\/IMG_7877-150x150.jpg",150,150,true],"medium":["https:\/\/fiorellalarosa.com\/wp-content\/uploads\/2023\/03\/IMG_7877-300x187.jpg",300,187,true],"medium_large":["https:\/\/fiorellalarosa.com\/wp-content\/uploads\/2023\/03\/IMG_7877-768x478.jpg",768,478,true],"large":["https:\/\/fiorellalarosa.com\/wp-content\/uploads\/2023\/03\/IMG_7877-1024x637.jpg",1024,637,true],"1536x1536":["https:\/\/fiorellalarosa.com\/wp-content\/uploads\/2023\/03\/IMG_7877-1536x955.jpg",1536,955,true],"2048x2048":["https:\/\/fiorellalarosa.com\/wp-content\/uploads\/2023\/03\/IMG_7877-2048x1273.jpg",2048,1273,true],"mailpoet_newsletter_max":["https:\/\/fiorellalarosa.com\/wp-content\/uploads\/2023\/03\/IMG_7877.jpg",1320,821,false],"woocommerce_thumbnail":["https:\/\/fiorellalarosa.com\/wp-content\/uploads\/2023\/03\/IMG_7877-300x300.jpg",300,300,true],"woocommerce_single":["https:\/\/fiorellalarosa.com\/wp-content\/uploads\/2023\/03\/IMG_7877.jpg",600,373,false],"woocommerce_gallery_thumbnail":["https:\/\/fiorellalarosa.com\/wp-content\/uploads\/2023\/03\/IMG_7877-100x100.jpg",100,100,true]},"uagb_author_info":{"display_name":"Fiorella La Rosa","author_link":"https:\/\/fiorellalarosa.com\/?author=1"},"uagb_comment_info":3,"uagb_excerpt":"Si estas en la Ciudad de Buenos Aires ya no necesitas viajar a \u00c1msterdam para visitar un museo de Ana Frank, ya que ha abierto el \u00fanico museo en Am\u00e9rica Latina que busca salvaguardar la memoria de la joven escritora, v\u00edctima del r\u00e9gimen nazi. El recorrido incluye una l\u00ednea de tiempo fotogr\u00e1fica de Ana Frank&hellip;","jetpack_sharing_enabled":true,"rttpg_featured_image_url":{"full":["https:\/\/fiorellalarosa.com\/wp-content\/uploads\/2023\/03\/IMG_7877.jpg",2496,1552,false],"landscape":["https:\/\/fiorellalarosa.com\/wp-content\/uploads\/2023\/03\/IMG_7877.jpg",2496,1552,false],"portraits":["https:\/\/fiorellalarosa.com\/wp-content\/uploads\/2023\/03\/IMG_7877.jpg",2496,1552,false],"thumbnail":["https:\/\/fiorellalarosa.com\/wp-content\/uploads\/2023\/03\/IMG_7877-150x150.jpg",150,150,true],"medium":["https:\/\/fiorellalarosa.com\/wp-content\/uploads\/2023\/03\/IMG_7877-300x187.jpg",300,187,true],"large":["https:\/\/fiorellalarosa.com\/wp-content\/uploads\/2023\/03\/IMG_7877-1024x637.jpg",1024,637,true],"1536x1536":["https:\/\/fiorellalarosa.com\/wp-content\/uploads\/2023\/03\/IMG_7877-1536x955.jpg",1536,955,true],"2048x2048":["https:\/\/fiorellalarosa.com\/wp-content\/uploads\/2023\/03\/IMG_7877-2048x1273.jpg",2048,1273,true],"mailpoet_newsletter_max":["https:\/\/fiorellalarosa.com\/wp-content\/uploads\/2023\/03\/IMG_7877.jpg",1320,821,false],"woocommerce_thumbnail":["https:\/\/fiorellalarosa.com\/wp-content\/uploads\/2023\/03\/IMG_7877-300x300.jpg",300,300,true],"woocommerce_single":["https:\/\/fiorellalarosa.com\/wp-content\/uploads\/2023\/03\/IMG_7877.jpg",600,373,false],"woocommerce_gallery_thumbnail":["https:\/\/fiorellalarosa.com\/wp-content\/uploads\/2023\/03\/IMG_7877-100x100.jpg",100,100,true]},"rttpg_author":{"display_name":"Fiorella La Rosa","author_link":"https:\/\/fiorellalarosa.com\/?author=1"},"rttpg_comment":3,"rttpg_category":"<a href=\"https:\/\/fiorellalarosa.com\/?cat=41\" rel=\"category\">Buenos Aires<\/a>","rttpg_excerpt":"Si estas en la Ciudad de Buenos Aires ya no necesitas viajar a \u00c1msterdam para visitar un museo de Ana Frank, ya que ha abierto el \u00fanico museo en Am\u00e9rica Latina que busca salvaguardar la memoria de la joven escritora, v\u00edctima del r\u00e9gimen nazi. El recorrido incluye una l\u00ednea de tiempo fotogr\u00e1fica de Ana Frank&hellip;","_links":{"self":[{"href":"https:\/\/fiorellalarosa.com\/index.php?rest_route=\/wp\/v2\/posts\/25640","targetHints":{"allow":["GET"]}}],"collection":[{"href":"https:\/\/fiorellalarosa.com\/index.php?rest_route=\/wp\/v2\/posts"}],"about":[{"href":"https:\/\/fiorellalarosa.com\/index.php?rest_route=\/wp\/v2\/types\/post"}],"author":[{"embeddable":true,"href":"https:\/\/fiorellalarosa.com\/index.php?rest_route=\/wp\/v2\/users\/1"}],"replies":[{"embeddable":true,"href":"https:\/\/fiorellalarosa.com\/index.php?rest_route=%2Fwp%2Fv2%2Fcomments&post=25640"}],"version-history":[{"count":13,"href":"https:\/\/fiorellalarosa.com\/index.php?rest_route=\/wp\/v2\/posts\/25640\/revisions"}],"predecessor-version":[{"id":25736,"href":"https:\/\/fiorellalarosa.com\/index.php?rest_route=\/wp\/v2\/posts\/25640\/revisions\/25736"}],"wp:featuredmedia":[{"embeddable":true,"href":"https:\/\/fiorellalarosa.com\/index.php?rest_route=\/wp\/v2\/media\/25731"}],"wp:attachment":[{"href":"https:\/\/fiorellalarosa.com\/index.php?rest_route=%2Fwp%2Fv2%2Fmedia&parent=25640"}],"wp:term":[{"taxonomy":"category","embeddable":true,"href":"https:\/\/fiorellalarosa.com\/index.php?rest_route=%2Fwp%2Fv2%2Fcategories&post=25640"},{"taxonomy":"post_tag","embeddable":true,"href":"https:\/\/fiorellalarosa.com\/index.php?rest_route=%2Fwp%2Fv2%2Ftags&post=25640"}],"curies":[{"name":"wp","href":"https:\/\/api.w.org\/{rel}","templated":true}]}}