{"id":25645,"date":"2023-03-01T13:47:22","date_gmt":"2023-03-01T16:47:22","guid":{"rendered":"https:\/\/fiorellalarosa.com\/?p=25645"},"modified":"2023-03-02T16:16:23","modified_gmt":"2023-03-02T19:16:23","slug":"vuelve-el-tren-a-bahia-blanca","status":"publish","type":"post","link":"https:\/\/fiorellalarosa.com\/?p=25645","title":{"rendered":"Vuelve el Tren a Bah\u00eda Blanca"},"content":{"rendered":"\n<p>Inform\u00f3 Trenes Argentinos, que la empresa que posee la concesi\u00f3n sobre&nbsp;la v\u00eda&nbsp;de tren de la l\u00ednea Roca (Ferrosur), culmin\u00f3 los trabajos&nbsp;que deb\u00eda realizar en el puente sobre el r\u00edo Salado, por lo que luego de m\u00e1s de cuatro meses sin servicio, este pr\u00f3ximo 10 de marzo volver\u00e1 a prestar servicio el tren de pasajeros que une Constituci\u00f3n con Bah\u00eda Blanca.<\/p>\n\n\n\n<div style=\"height:20px\" aria-hidden=\"true\" class=\"wp-block-spacer\"><\/div>\n\n\n\n<p>Los pasajes estar\u00e1n a la venta, para lo que resta del mes de marzo, a partir del 1ero de marzo y entre cabeceras tendr\u00e1n un costo de 3.240 pesos en primera, 3.890 en pullman y 11.350 en camarote para dos personas. Se pueden comprar de manera presencial en las boleter\u00edas oficiales o de manera online a trav\u00e9s de su p\u00e1gina web <a href=\"https:\/\/webventas.sofse.gob.ar\/\">https:\/\/webventas.sofse.gob.ar\/<\/a><\/p>\n\n\n\n<div style=\"height:20px\" aria-hidden=\"true\" class=\"wp-block-spacer\"><\/div>\n\n\n\n<p>La prestaci\u00f3n circular\u00e1 con dos frecuencias semanales, los martes y viernes desde la Ciudad Aut\u00f3noma de Buenos Aires. Mientras que los mi\u00e9rcoles y domingos partir\u00e1n desde Bah\u00eda Blanca.<\/p>\n\n\n\n<div style=\"height:20px\" aria-hidden=\"true\" class=\"wp-block-spacer\"><\/div>\n\n\n\n<figure class=\"wp-block-embed is-type-video is-provider-youtube wp-block-embed-youtube wp-embed-aspect-16-9 wp-has-aspect-ratio\"><div class=\"wp-block-embed__wrapper\">\n<iframe loading=\"lazy\" title=\"Vuelve el tren a Bah\u00eda Blanca\" width=\"500\" height=\"281\" src=\"https:\/\/www.youtube.com\/embed\/l25nz6A1gxQ?feature=oembed\" frameborder=\"0\" allow=\"accelerometer; autoplay; clipboard-write; encrypted-media; gyroscope; picture-in-picture; web-share\" referrerpolicy=\"strict-origin-when-cross-origin\" allowfullscreen><\/iframe>\n<\/div><\/figure>\n","protected":false},"excerpt":{"rendered":"<p>Inform\u00f3 Trenes Argentinos, que la empresa que posee la concesi\u00f3n sobre&nbsp;la v\u00eda&nbsp;de tren de la l\u00ednea Roca (Ferrosur), culmin\u00f3 los trabajos&nbsp;que deb\u00eda realizar en el puente sobre el r\u00edo Salado, por lo que luego de m\u00e1s de cuatro meses sin servicio, este pr\u00f3ximo 10 de marzo volver\u00e1 a prestar servicio el tren de pasajeros que [&hellip;]<\/p>\n","protected":false},"author":1,"featured_media":25684,"comment_status":"open","ping_status":"open","sticky":false,"template":"","format":"standard","meta":{"_uag_custom_page_level_css":"","site-sidebar-layout":"default","site-content-layout":"","ast-site-content-layout":"default","site-content-style":"default","site-sidebar-style":"default","ast-global-header-display":"","ast-banner-title-visibility":"","ast-main-header-display":"","ast-hfb-above-header-display":"","ast-hfb-below-header-display":"","ast-hfb-mobile-header-display":"","site-post-title":"","ast-breadcrumbs-content":"","ast-featured-img":"","footer-sml-layout":"","ast-disable-related-posts":"","theme-transparent-header-meta":"","adv-header-id-meta":"","stick-header-meta":"","header-above-stick-meta":"","header-main-stick-meta":"","header-below-stick-meta":"","astra-migrate-meta-layouts":"default","ast-page-background-enabled":"default","ast-page-background-meta":{"desktop":{"background-color":"","background-image":"","background-repeat":"repeat","background-position":"center center","background-size":"auto","background-attachment":"scroll","background-type":"","background-media":"","overlay-type":"","overlay-color":"","overlay-opacity":"","overlay-gradient":""},"tablet":{"background-color":"","background-image":"","background-repeat":"repeat","background-position":"center center","background-size":"auto","background-attachment":"scroll","background-type":"","background-media":"","overlay-type":"","overlay-color":"","overlay-opacity":"","overlay-gradient":""},"mobile":{"background-color":"","background-image":"","background-repeat":"repeat","background-position":"center center","background-size":"auto","background-attachment":"scroll","background-type":"","background-media":"","overlay-type":"","overlay-color":"","overlay-opacity":"","overlay-gradient":""}},"ast-content-background-meta":{"desktop":{"background-color":"var(--ast-global-color-5)","background-image":"","background-repeat":"repeat","background-position":"center center","background-size":"auto","background-attachment":"scroll","background-type":"","background-media":"","overlay-type":"","overlay-color":"","overlay-opacity":"","overlay-gradient":""},"tablet":{"background-color":"var(--ast-global-color-5)","background-image":"","background-repeat":"repeat","background-position":"center center","background-size":"auto","background-attachment":"scroll","background-type":"","background-media":"","overlay-type":"","overlay-color":"","overlay-opacity":"","overlay-gradient":""},"mobile":{"background-color":"var(--ast-global-color-5)","background-image":"","background-repeat":"repeat","background-position":"center center","background-size":"auto","background-attachment":"scroll","background-type":"","background-media":"","overlay-type":"","overlay-color":"","overlay-opacity":"","overlay-gradient":""}},"_jetpack_memberships_contains_paid_content":false,"footnotes":""},"categories":[33],"tags":[],"class_list":["post-25645","post","type-post","status-publish","format-standard","has-post-thumbnail","hentry","category-noticias"],"jetpack_featured_media_url":"https:\/\/fiorellalarosa.com\/wp-content\/uploads\/2023\/03\/tren-a-mar-del-plata-pasajes-3c9bda-1-1024x576-1.jpg","uagb_featured_image_src":{"full":["https:\/\/fiorellalarosa.com\/wp-content\/uploads\/2023\/03\/tren-a-mar-del-plata-pasajes-3c9bda-1-1024x576-1.jpg",1024,576,false],"thumbnail":["https:\/\/fiorellalarosa.com\/wp-content\/uploads\/2023\/03\/tren-a-mar-del-plata-pasajes-3c9bda-1-1024x576-1-150x150.jpg",150,150,true],"medium":["https:\/\/fiorellalarosa.com\/wp-content\/uploads\/2023\/03\/tren-a-mar-del-plata-pasajes-3c9bda-1-1024x576-1-300x169.jpg",300,169,true],"medium_large":["https:\/\/fiorellalarosa.com\/wp-content\/uploads\/2023\/03\/tren-a-mar-del-plata-pasajes-3c9bda-1-1024x576-1-768x432.jpg",768,432,true],"large":["https:\/\/fiorellalarosa.com\/wp-content\/uploads\/2023\/03\/tren-a-mar-del-plata-pasajes-3c9bda-1-1024x576-1.jpg",1024,576,false],"1536x1536":["https:\/\/fiorellalarosa.com\/wp-content\/uploads\/2023\/03\/tren-a-mar-del-plata-pasajes-3c9bda-1-1024x576-1.jpg",1024,576,false],"2048x2048":["https:\/\/fiorellalarosa.com\/wp-content\/uploads\/2023\/03\/tren-a-mar-del-plata-pasajes-3c9bda-1-1024x576-1.jpg",1024,576,false],"mailpoet_newsletter_max":["https:\/\/fiorellalarosa.com\/wp-content\/uploads\/2023\/03\/tren-a-mar-del-plata-pasajes-3c9bda-1-1024x576-1.jpg",1024,576,false],"woocommerce_thumbnail":["https:\/\/fiorellalarosa.com\/wp-content\/uploads\/2023\/03\/tren-a-mar-del-plata-pasajes-3c9bda-1-1024x576-1-300x300.jpg",300,300,true],"woocommerce_single":["https:\/\/fiorellalarosa.com\/wp-content\/uploads\/2023\/03\/tren-a-mar-del-plata-pasajes-3c9bda-1-1024x576-1.jpg",600,338,false],"woocommerce_gallery_thumbnail":["https:\/\/fiorellalarosa.com\/wp-content\/uploads\/2023\/03\/tren-a-mar-del-plata-pasajes-3c9bda-1-1024x576-1-100x100.jpg",100,100,true]},"uagb_author_info":{"display_name":"Fiorella La Rosa","author_link":"https:\/\/fiorellalarosa.com\/?author=1"},"uagb_comment_info":0,"uagb_excerpt":"Inform\u00f3 Trenes Argentinos, que la empresa que posee la concesi\u00f3n sobre&nbsp;la v\u00eda&nbsp;de tren de la l\u00ednea Roca (Ferrosur), culmin\u00f3 los trabajos&nbsp;que deb\u00eda realizar en el puente sobre el r\u00edo Salado, por lo que luego de m\u00e1s de cuatro meses sin servicio, este pr\u00f3ximo 10 de marzo volver\u00e1 a prestar servicio el tren de pasajeros que&hellip;","jetpack_sharing_enabled":true,"rttpg_featured_image_url":{"full":["https:\/\/fiorellalarosa.com\/wp-content\/uploads\/2023\/03\/tren-a-mar-del-plata-pasajes-3c9bda-1-1024x576-1.jpg",1024,576,false],"landscape":["https:\/\/fiorellalarosa.com\/wp-content\/uploads\/2023\/03\/tren-a-mar-del-plata-pasajes-3c9bda-1-1024x576-1.jpg",1024,576,false],"portraits":["https:\/\/fiorellalarosa.com\/wp-content\/uploads\/2023\/03\/tren-a-mar-del-plata-pasajes-3c9bda-1-1024x576-1.jpg",1024,576,false],"thumbnail":["https:\/\/fiorellalarosa.com\/wp-content\/uploads\/2023\/03\/tren-a-mar-del-plata-pasajes-3c9bda-1-1024x576-1-150x150.jpg",150,150,true],"medium":["https:\/\/fiorellalarosa.com\/wp-content\/uploads\/2023\/03\/tren-a-mar-del-plata-pasajes-3c9bda-1-1024x576-1-300x169.jpg",300,169,true],"large":["https:\/\/fiorellalarosa.com\/wp-content\/uploads\/2023\/03\/tren-a-mar-del-plata-pasajes-3c9bda-1-1024x576-1.jpg",1024,576,false],"1536x1536":["https:\/\/fiorellalarosa.com\/wp-content\/uploads\/2023\/03\/tren-a-mar-del-plata-pasajes-3c9bda-1-1024x576-1.jpg",1024,576,false],"2048x2048":["https:\/\/fiorellalarosa.com\/wp-content\/uploads\/2023\/03\/tren-a-mar-del-plata-pasajes-3c9bda-1-1024x576-1.jpg",1024,576,false],"mailpoet_newsletter_max":["https:\/\/fiorellalarosa.com\/wp-content\/uploads\/2023\/03\/tren-a-mar-del-plata-pasajes-3c9bda-1-1024x576-1.jpg",1024,576,false],"woocommerce_thumbnail":["https:\/\/fiorellalarosa.com\/wp-content\/uploads\/2023\/03\/tren-a-mar-del-plata-pasajes-3c9bda-1-1024x576-1-300x300.jpg",300,300,true],"woocommerce_single":["https:\/\/fiorellalarosa.com\/wp-content\/uploads\/2023\/03\/tren-a-mar-del-plata-pasajes-3c9bda-1-1024x576-1.jpg",600,338,false],"woocommerce_gallery_thumbnail":["https:\/\/fiorellalarosa.com\/wp-content\/uploads\/2023\/03\/tren-a-mar-del-plata-pasajes-3c9bda-1-1024x576-1-100x100.jpg",100,100,true]},"rttpg_author":{"display_name":"Fiorella La Rosa","author_link":"https:\/\/fiorellalarosa.com\/?author=1"},"rttpg_comment":0,"rttpg_category":"<a href=\"https:\/\/fiorellalarosa.com\/?cat=33\" rel=\"category\">Noticias<\/a>","rttpg_excerpt":"Inform\u00f3 Trenes Argentinos, que la empresa que posee la concesi\u00f3n sobre&nbsp;la v\u00eda&nbsp;de tren de la l\u00ednea Roca (Ferrosur), culmin\u00f3 los trabajos&nbsp;que deb\u00eda realizar en el puente sobre el r\u00edo Salado, por lo que luego de m\u00e1s de cuatro meses sin servicio, este pr\u00f3ximo 10 de marzo volver\u00e1 a prestar servicio el tren de pasajeros que&hellip;","_links":{"self":[{"href":"https:\/\/fiorellalarosa.com\/index.php?rest_route=\/wp\/v2\/posts\/25645","targetHints":{"allow":["GET"]}}],"collection":[{"href":"https:\/\/fiorellalarosa.com\/index.php?rest_route=\/wp\/v2\/posts"}],"about":[{"href":"https:\/\/fiorellalarosa.com\/index.php?rest_route=\/wp\/v2\/types\/post"}],"author":[{"embeddable":true,"href":"https:\/\/fiorellalarosa.com\/index.php?rest_route=\/wp\/v2\/users\/1"}],"replies":[{"embeddable":true,"href":"https:\/\/fiorellalarosa.com\/index.php?rest_route=%2Fwp%2Fv2%2Fcomments&post=25645"}],"version-history":[{"count":5,"href":"https:\/\/fiorellalarosa.com\/index.php?rest_route=\/wp\/v2\/posts\/25645\/revisions"}],"predecessor-version":[{"id":25738,"href":"https:\/\/fiorellalarosa.com\/index.php?rest_route=\/wp\/v2\/posts\/25645\/revisions\/25738"}],"wp:featuredmedia":[{"embeddable":true,"href":"https:\/\/fiorellalarosa.com\/index.php?rest_route=\/wp\/v2\/media\/25684"}],"wp:attachment":[{"href":"https:\/\/fiorellalarosa.com\/index.php?rest_route=%2Fwp%2Fv2%2Fmedia&parent=25645"}],"wp:term":[{"taxonomy":"category","embeddable":true,"href":"https:\/\/fiorellalarosa.com\/index.php?rest_route=%2Fwp%2Fv2%2Fcategories&post=25645"},{"taxonomy":"post_tag","embeddable":true,"href":"https:\/\/fiorellalarosa.com\/index.php?rest_route=%2Fwp%2Fv2%2Ftags&post=25645"}],"curies":[{"name":"wp","href":"https:\/\/api.w.org\/{rel}","templated":true}]}}