{"id":25647,"date":"2023-03-01T15:06:16","date_gmt":"2023-03-01T18:06:16","guid":{"rendered":"https:\/\/fiorellalarosa.com\/?p=25647"},"modified":"2023-03-01T15:39:45","modified_gmt":"2023-03-01T18:39:45","slug":"viva-air-suspendio-todos-sus-vuelos-y-dejo-varados-a-miles-de-pasajeros","status":"publish","type":"post","link":"https:\/\/fiorellalarosa.com\/?p=25647","title":{"rendered":"Viva Air suspendi\u00f3 todos sus vuelos y dej\u00f3 varados a miles de pasajeros"},"content":{"rendered":"\n<p>La compa\u00f1\u00eda \u00e1erea \u201cultra low-cost\u201d Viva Air, suspendi\u00f3 este martes todos sus vuelos, dejando en tierra a miles de pasajeros que protestaron en las terminales para exigir soluciones. Algunos de los afectados fueron reubicados en otros vuelos.<\/p>\n\n\n\n<div style=\"height:20px\" aria-hidden=\"true\" class=\"wp-block-spacer\"><\/div>\n\n\n\n<p>La empresa hab\u00eda anunciado la cancelaci\u00f3n las operaciones nacionales e internacionales en su p\u00e1gina web debido a que las autoridades colombianas rechazaron la petici\u00f3n de la firma de integrarla a Avianca para superar la crisis financiera que mantiene hace m\u00e1s de 7 meses.<\/p>\n\n\n\n<div style=\"height:20px\" aria-hidden=\"true\" class=\"wp-block-spacer\"><\/div>\n\n\n\n<p>Como consecuencia de la suspensi\u00f3n repentina, en el Aeropuerto Internacional El Dorado de Bogot\u00e1 pudieron verse acientos de personas sentadas en el suelo o haciendo fila delante del mostrador de Viva a la espera de que la compa\u00f1\u00eda se pronuncie sobre posibles medidas compensatorias.<\/p>\n\n\n\n<div style=\"height:20px\" aria-hidden=\"true\" class=\"wp-block-spacer\"><\/div>\n\n\n\n<p>La misma postal se repiti\u00f3 en las terminales de Cartagena, Barranquilla y Medell\u00edn, donde los pasajeros se agolpaban frente a un mostrador vac\u00edo para exigir la reubicaci\u00f3n o la devoluci\u00f3n del dinero. <\/p>\n","protected":false},"excerpt":{"rendered":"<p>La compa\u00f1\u00eda \u00e1erea \u201cultra low-cost\u201d Viva Air, suspendi\u00f3 este martes todos sus vuelos, dejando en tierra a miles de pasajeros que protestaron en las terminales para exigir soluciones. Algunos de los afectados fueron reubicados en otros vuelos. La empresa hab\u00eda anunciado la cancelaci\u00f3n las operaciones nacionales e internacionales en su p\u00e1gina web debido a que [&hellip;]<\/p>\n","protected":false},"author":1,"featured_media":25714,"comment_status":"open","ping_status":"open","sticky":false,"template":"","format":"standard","meta":{"_uag_custom_page_level_css":"","site-sidebar-layout":"default","site-content-layout":"","ast-site-content-layout":"default","site-content-style":"default","site-sidebar-style":"default","ast-global-header-display":"","ast-banner-title-visibility":"","ast-main-header-display":"","ast-hfb-above-header-display":"","ast-hfb-below-header-display":"","ast-hfb-mobile-header-display":"","site-post-title":"","ast-breadcrumbs-content":"","ast-featured-img":"","footer-sml-layout":"","ast-disable-related-posts":"","theme-transparent-header-meta":"","adv-header-id-meta":"","stick-header-meta":"","header-above-stick-meta":"","header-main-stick-meta":"","header-below-stick-meta":"","astra-migrate-meta-layouts":"default","ast-page-background-enabled":"default","ast-page-background-meta":{"desktop":{"background-color":"","background-image":"","background-repeat":"repeat","background-position":"center center","background-size":"auto","background-attachment":"scroll","background-type":"","background-media":"","overlay-type":"","overlay-color":"","overlay-opacity":"","overlay-gradient":""},"tablet":{"background-color":"","background-image":"","background-repeat":"repeat","background-position":"center center","background-size":"auto","background-attachment":"scroll","background-type":"","background-media":"","overlay-type":"","overlay-color":"","overlay-opacity":"","overlay-gradient":""},"mobile":{"background-color":"","background-image":"","background-repeat":"repeat","background-position":"center center","background-size":"auto","background-attachment":"scroll","background-type":"","background-media":"","overlay-type":"","overlay-color":"","overlay-opacity":"","overlay-gradient":""}},"ast-content-background-meta":{"desktop":{"background-color":"var(--ast-global-color-5)","background-image":"","background-repeat":"repeat","background-position":"center center","background-size":"auto","background-attachment":"scroll","background-type":"","background-media":"","overlay-type":"","overlay-color":"","overlay-opacity":"","overlay-gradient":""},"tablet":{"background-color":"var(--ast-global-color-5)","background-image":"","background-repeat":"repeat","background-position":"center center","background-size":"auto","background-attachment":"scroll","background-type":"","background-media":"","overlay-type":"","overlay-color":"","overlay-opacity":"","overlay-gradient":""},"mobile":{"background-color":"var(--ast-global-color-5)","background-image":"","background-repeat":"repeat","background-position":"center center","background-size":"auto","background-attachment":"scroll","background-type":"","background-media":"","overlay-type":"","overlay-color":"","overlay-opacity":"","overlay-gradient":""}},"_jetpack_memberships_contains_paid_content":false,"footnotes":""},"categories":[33],"tags":[],"class_list":["post-25647","post","type-post","status-publish","format-standard","has-post-thumbnail","hentry","category-noticias"],"jetpack_featured_media_url":"https:\/\/fiorellalarosa.com\/wp-content\/uploads\/2023\/03\/60acf5276ebc6.jpeg","uagb_featured_image_src":{"full":["https:\/\/fiorellalarosa.com\/wp-content\/uploads\/2023\/03\/60acf5276ebc6.jpeg",700,526,false],"thumbnail":["https:\/\/fiorellalarosa.com\/wp-content\/uploads\/2023\/03\/60acf5276ebc6-150x150.jpeg",150,150,true],"medium":["https:\/\/fiorellalarosa.com\/wp-content\/uploads\/2023\/03\/60acf5276ebc6-300x225.jpeg",300,225,true],"medium_large":["https:\/\/fiorellalarosa.com\/wp-content\/uploads\/2023\/03\/60acf5276ebc6.jpeg",700,526,false],"large":["https:\/\/fiorellalarosa.com\/wp-content\/uploads\/2023\/03\/60acf5276ebc6.jpeg",700,526,false],"1536x1536":["https:\/\/fiorellalarosa.com\/wp-content\/uploads\/2023\/03\/60acf5276ebc6.jpeg",700,526,false],"2048x2048":["https:\/\/fiorellalarosa.com\/wp-content\/uploads\/2023\/03\/60acf5276ebc6.jpeg",700,526,false],"mailpoet_newsletter_max":["https:\/\/fiorellalarosa.com\/wp-content\/uploads\/2023\/03\/60acf5276ebc6.jpeg",700,526,false],"woocommerce_thumbnail":["https:\/\/fiorellalarosa.com\/wp-content\/uploads\/2023\/03\/60acf5276ebc6-300x300.jpeg",300,300,true],"woocommerce_single":["https:\/\/fiorellalarosa.com\/wp-content\/uploads\/2023\/03\/60acf5276ebc6.jpeg",600,451,false],"woocommerce_gallery_thumbnail":["https:\/\/fiorellalarosa.com\/wp-content\/uploads\/2023\/03\/60acf5276ebc6-100x100.jpeg",100,100,true]},"uagb_author_info":{"display_name":"Fiorella La Rosa","author_link":"https:\/\/fiorellalarosa.com\/?author=1"},"uagb_comment_info":0,"uagb_excerpt":"La compa\u00f1\u00eda \u00e1erea \u201cultra low-cost\u201d Viva Air, suspendi\u00f3 este martes todos sus vuelos, dejando en tierra a miles de pasajeros que protestaron en las terminales para exigir soluciones. Algunos de los afectados fueron reubicados en otros vuelos. La empresa hab\u00eda anunciado la cancelaci\u00f3n las operaciones nacionales e internacionales en su p\u00e1gina web debido a que&hellip;","jetpack_sharing_enabled":true,"rttpg_featured_image_url":{"full":["https:\/\/fiorellalarosa.com\/wp-content\/uploads\/2023\/03\/60acf5276ebc6.jpeg",700,526,false],"landscape":["https:\/\/fiorellalarosa.com\/wp-content\/uploads\/2023\/03\/60acf5276ebc6.jpeg",700,526,false],"portraits":["https:\/\/fiorellalarosa.com\/wp-content\/uploads\/2023\/03\/60acf5276ebc6.jpeg",700,526,false],"thumbnail":["https:\/\/fiorellalarosa.com\/wp-content\/uploads\/2023\/03\/60acf5276ebc6-150x150.jpeg",150,150,true],"medium":["https:\/\/fiorellalarosa.com\/wp-content\/uploads\/2023\/03\/60acf5276ebc6-300x225.jpeg",300,225,true],"large":["https:\/\/fiorellalarosa.com\/wp-content\/uploads\/2023\/03\/60acf5276ebc6.jpeg",700,526,false],"1536x1536":["https:\/\/fiorellalarosa.com\/wp-content\/uploads\/2023\/03\/60acf5276ebc6.jpeg",700,526,false],"2048x2048":["https:\/\/fiorellalarosa.com\/wp-content\/uploads\/2023\/03\/60acf5276ebc6.jpeg",700,526,false],"mailpoet_newsletter_max":["https:\/\/fiorellalarosa.com\/wp-content\/uploads\/2023\/03\/60acf5276ebc6.jpeg",700,526,false],"woocommerce_thumbnail":["https:\/\/fiorellalarosa.com\/wp-content\/uploads\/2023\/03\/60acf5276ebc6-300x300.jpeg",300,300,true],"woocommerce_single":["https:\/\/fiorellalarosa.com\/wp-content\/uploads\/2023\/03\/60acf5276ebc6.jpeg",600,451,false],"woocommerce_gallery_thumbnail":["https:\/\/fiorellalarosa.com\/wp-content\/uploads\/2023\/03\/60acf5276ebc6-100x100.jpeg",100,100,true]},"rttpg_author":{"display_name":"Fiorella La Rosa","author_link":"https:\/\/fiorellalarosa.com\/?author=1"},"rttpg_comment":0,"rttpg_category":"<a href=\"https:\/\/fiorellalarosa.com\/?cat=33\" rel=\"category\">Noticias<\/a>","rttpg_excerpt":"La compa\u00f1\u00eda \u00e1erea \u201cultra low-cost\u201d Viva Air, suspendi\u00f3 este martes todos sus vuelos, dejando en tierra a miles de pasajeros que protestaron en las terminales para exigir soluciones. Algunos de los afectados fueron reubicados en otros vuelos. La empresa hab\u00eda anunciado la cancelaci\u00f3n las operaciones nacionales e internacionales en su p\u00e1gina web debido a que&hellip;","_links":{"self":[{"href":"https:\/\/fiorellalarosa.com\/index.php?rest_route=\/wp\/v2\/posts\/25647","targetHints":{"allow":["GET"]}}],"collection":[{"href":"https:\/\/fiorellalarosa.com\/index.php?rest_route=\/wp\/v2\/posts"}],"about":[{"href":"https:\/\/fiorellalarosa.com\/index.php?rest_route=\/wp\/v2\/types\/post"}],"author":[{"embeddable":true,"href":"https:\/\/fiorellalarosa.com\/index.php?rest_route=\/wp\/v2\/users\/1"}],"replies":[{"embeddable":true,"href":"https:\/\/fiorellalarosa.com\/index.php?rest_route=%2Fwp%2Fv2%2Fcomments&post=25647"}],"version-history":[{"count":2,"href":"https:\/\/fiorellalarosa.com\/index.php?rest_route=\/wp\/v2\/posts\/25647\/revisions"}],"predecessor-version":[{"id":25693,"href":"https:\/\/fiorellalarosa.com\/index.php?rest_route=\/wp\/v2\/posts\/25647\/revisions\/25693"}],"wp:featuredmedia":[{"embeddable":true,"href":"https:\/\/fiorellalarosa.com\/index.php?rest_route=\/wp\/v2\/media\/25714"}],"wp:attachment":[{"href":"https:\/\/fiorellalarosa.com\/index.php?rest_route=%2Fwp%2Fv2%2Fmedia&parent=25647"}],"wp:term":[{"taxonomy":"category","embeddable":true,"href":"https:\/\/fiorellalarosa.com\/index.php?rest_route=%2Fwp%2Fv2%2Fcategories&post=25647"},{"taxonomy":"post_tag","embeddable":true,"href":"https:\/\/fiorellalarosa.com\/index.php?rest_route=%2Fwp%2Fv2%2Ftags&post=25647"}],"curies":[{"name":"wp","href":"https:\/\/api.w.org\/{rel}","templated":true}]}}