{"id":26154,"date":"2024-05-29T00:17:09","date_gmt":"2024-05-29T03:17:09","guid":{"rendered":"https:\/\/fiorellalarosa.com\/?p=26154"},"modified":"2024-06-26T11:54:47","modified_gmt":"2024-06-26T14:54:47","slug":"imperdibles-de-cordoba-capital-que-ver-y-que-hacer-en-la-segunda-ciudad-mas-importante-de-argentina","status":"publish","type":"post","link":"https:\/\/fiorellalarosa.com\/?p=26154","title":{"rendered":"Imperdibles de C\u00f3rdoba Capital: qu\u00e9 ver y qu\u00e9 hacer en la segunda ciudad mas importante de Argentina"},"content":{"rendered":"\n<p>En mi ultimo viaje dentro de Argentina hice un recorrido por la provincia de C\u00f3rdoba, la decimo sexta provincia que conozco de este hermoso pa\u00eds. El recorrido incluy\u00f3 La Cumbrecita, Villa General Belgrano y C\u00f3rdoba Capital.<\/p>\n\n\n\n<div style=\"height:20px\" aria-hidden=\"true\" class=\"wp-block-spacer\"><\/div>\n\n\n\n<p>La provincia de C\u00f3rdoba est\u00e1 ubicada en el coraz\u00f3n de Argentina, su capital hom\u00f3nima cuenta un mill\u00f3n y medio de habitantes y es la segunda ciudad m\u00e1s importante del pa\u00eds. En esta gu\u00eda de C\u00f3rdoba capital te mostrar\u00e9 todo lo que no te puedes perder.<\/p>\n\n\n\n<div style=\"height:20px\" aria-hidden=\"true\" class=\"wp-block-spacer\"><\/div>\n\n\n\n<figure class=\"wp-block-gallery has-nested-images columns-default is-cropped wp-block-gallery-1 is-layout-flex wp-block-gallery-is-layout-flex\">\n<figure class=\"wp-block-image size-large\"><a href=\"https:\/\/fiorellalarosa.com\/wp-content\/uploads\/2024\/05\/image013.png\"><img loading=\"lazy\" decoding=\"async\" width=\"688\" height=\"515\" data-id=\"26157\" src=\"https:\/\/fiorellalarosa.com\/wp-content\/uploads\/2024\/05\/image013.png\" alt=\"\" class=\"wp-image-26157\" srcset=\"https:\/\/fiorellalarosa.com\/wp-content\/uploads\/2024\/05\/image013.png 688w, https:\/\/fiorellalarosa.com\/wp-content\/uploads\/2024\/05\/image013-300x225.png 300w, https:\/\/fiorellalarosa.com\/wp-content\/uploads\/2024\/05\/image013-600x449.png 600w\" sizes=\"auto, (max-width: 688px) 100vw, 688px\" \/><\/a><\/figure>\n<\/figure>\n\n\n\n<div style=\"height:20px\" aria-hidden=\"true\" class=\"wp-block-spacer\"><\/div>\n\n\n\n<p>Fundada el 6 de julio de 1573 alberga a una de las poblaciones m\u00e1s antiguas de Sudam\u00e9rica.  La ciudad de C\u00f3rdoba se distingue a nivel nacional e internacional por el valioso patrimonio hist\u00f3rico y religioso, as\u00ed como tambi\u00e9n es destacable su trayectoria acad\u00e9mica, ya que aqu\u00ed comenzaron a funcionar la primera universidad p\u00fablica y la primera universidad privada de la Argentina. &nbsp;En sus calles y paseos resaltan huellas de la antigua arquitectura&nbsp;&nbsp; colonial, que&nbsp;&nbsp; se&nbsp;&nbsp; combinan&nbsp;&nbsp; con&nbsp;&nbsp; modernos&nbsp;&nbsp; edificios, rodeados por parques inigualables. Con m\u00e1s de 400 a\u00f1os de historia desde su fundaci\u00f3n, esta ciudad tiene much\u00edsimo para ofrecer: cultura, religi\u00f3n, museos, entretenimiento, compras, espacios verdes, vida nocturna y mucho m\u00e1s.<\/p>\n\n\n\n<div style=\"height:20px\" aria-hidden=\"true\" class=\"wp-block-spacer\"><\/div>\n\n\n\n<p><strong>El barrio Nueva C\u00f3rdoba me parece la mejor zona para hospedarse en la ciudad<\/strong>. Desde ah\u00ed se puede recorrer los puntos mas importantes a pie, y est\u00e1 muy cerca de la terminal de \u00f3mnibus. Yo me aloj\u00e9 en el Hotel Am\u00e9rian Executive C\u00f3rdoba, que cuenta con todo lo necesario para tener una incre\u00edble estad\u00eda, desayuno variado, terraza, pileta, gimnasio, sauna, restaurante y mucho mas. La habitaci\u00f3n que nos toc\u00f3 estuvo super c\u00f3moda, muy amplia, la cama gigante, un balc\u00f3n espectacular, frigobar y pava el\u00e9ctrica, adem\u00e1s en el horario de la tarde pasaban dej\u00e1ndonos unos chocolatitos de cortes\u00eda con una tarjeta dese\u00e1ndonos buenas noches, este tipo de detalles para mi suman un mont\u00f3n. La pasamos muy bien durante nuestra estad\u00eda, y me parece una excelente opci\u00f3n ya que queda a pasos de los puntos tur\u00edsticos mas importantes. Para reservas ingresa a su p\u00e1gina web <a href=\"https:\/\/www.amerian.com\/\">https:\/\/www.amerian.com\/<\/a> \u00f3 escribe al WhatsApp 11 6600 6760<\/p>\n\n\n\n<figure class=\"wp-block-gallery has-nested-images columns-default is-cropped wp-block-gallery-2 is-layout-flex wp-block-gallery-is-layout-flex\">\n<figure class=\"wp-block-image size-large\"><a href=\"https:\/\/fiorellalarosa.com\/wp-content\/uploads\/2024\/05\/IMG_6135-scaled.jpg\"><img loading=\"lazy\" decoding=\"async\" width=\"1024\" height=\"576\" data-id=\"26160\" src=\"https:\/\/fiorellalarosa.com\/wp-content\/uploads\/2024\/05\/IMG_6135-1024x576.jpg\" alt=\"\" class=\"wp-image-26160\" srcset=\"https:\/\/fiorellalarosa.com\/wp-content\/uploads\/2024\/05\/IMG_6135-1024x576.jpg 1024w, https:\/\/fiorellalarosa.com\/wp-content\/uploads\/2024\/05\/IMG_6135-300x169.jpg 300w, https:\/\/fiorellalarosa.com\/wp-content\/uploads\/2024\/05\/IMG_6135-768x432.jpg 768w, https:\/\/fiorellalarosa.com\/wp-content\/uploads\/2024\/05\/IMG_6135-1536x864.jpg 1536w, https:\/\/fiorellalarosa.com\/wp-content\/uploads\/2024\/05\/IMG_6135-2048x1152.jpg 2048w, https:\/\/fiorellalarosa.com\/wp-content\/uploads\/2024\/05\/IMG_6135-1320x743.jpg 1320w, https:\/\/fiorellalarosa.com\/wp-content\/uploads\/2024\/05\/IMG_6135-600x338.jpg 600w\" sizes=\"auto, (max-width: 1024px) 100vw, 1024px\" \/><\/a><\/figure>\n<\/figure>\n\n\n\n<div style=\"height:20px\" aria-hidden=\"true\" class=\"wp-block-spacer\"><\/div>\n\n\n\n<h2 class=\"wp-block-heading\">Qu\u00e9 hacer en C\u00f3rdoba capital<\/h2>\n\n\n\n<p>Para una primera primera visita, te recomiendo hacer alg\u00fan tour. Por ejemplo, el city tour en el bus ingles, que te ayudar\u00e1 a conocer un poco su historia y los puntos de inter\u00e9s mas importantes, el recorrido se realiza con un gu\u00eda que va explicando la historia de los lugares tur\u00edsticos en ingl\u00e9s y en espa\u00f1ol, dura aproximadamente 1h y 15 min, sale desde la Plaza V\u00e9lez S\u00e1rsfield, tiene dos horarios a las 11 y a las 16 hrs y funciona todos los d\u00edas excepto los mi\u00e9rcoles, el precio actual es 7mil pesos argentinos por persona. Despu\u00e9s, ya conociendo muchos m\u00e1s datos sobre la ciudad, puedes seguir recorriendo por tu cuenta. Todos los lugares que te cuento a continuaci\u00f3n est\u00e1n cerca unos de otros, as\u00ed que puedes visitarlos todos caminando.<\/p>\n\n\n\n<figure class=\"wp-block-image size-large\"><img loading=\"lazy\" decoding=\"async\" width=\"1024\" height=\"777\" src=\"https:\/\/fiorellalarosa.com\/wp-content\/uploads\/2024\/05\/img_7014-1-1024x777.jpg\" alt=\"\" class=\"wp-image-26167\" srcset=\"https:\/\/fiorellalarosa.com\/wp-content\/uploads\/2024\/05\/img_7014-1-1024x777.jpg 1024w, https:\/\/fiorellalarosa.com\/wp-content\/uploads\/2024\/05\/img_7014-1-300x228.jpg 300w, https:\/\/fiorellalarosa.com\/wp-content\/uploads\/2024\/05\/img_7014-1-768x583.jpg 768w, https:\/\/fiorellalarosa.com\/wp-content\/uploads\/2024\/05\/img_7014-1-1536x1165.jpg 1536w, https:\/\/fiorellalarosa.com\/wp-content\/uploads\/2024\/05\/img_7014-1-1320x1001.jpg 1320w, https:\/\/fiorellalarosa.com\/wp-content\/uploads\/2024\/05\/img_7014-1-600x455.jpg 600w, https:\/\/fiorellalarosa.com\/wp-content\/uploads\/2024\/05\/img_7014-1.jpg 2000w\" sizes=\"auto, (max-width: 1024px) 100vw, 1024px\" \/><\/figure>\n\n\n\n<div style=\"height:20px\" aria-hidden=\"true\" class=\"wp-block-spacer\"><\/div>\n\n\n\n<h5 class=\"wp-block-heading\"><strong>Casco Hist\u00f3rico<\/strong><\/h5>\n\n\n\n<p>Presenta cientos de evidencias de la antig\u00fcedad de la ciudad y est\u00e1 lleno de viejos monasterios, iglesias, e instituciones. Mientras caminabamos por sus calles, lo primero que nos encontramos fue la&nbsp;<strong>Manzana Jesu\u00edtica&nbsp;de C\u00f3rdoba<\/strong>. Esta zona de la capital cordobesa fue declarada&nbsp;<strong>Patrimonio de la Humanidad por la UNESCO<\/strong>. En este lugar fue donde la Compa\u00f1\u00eda de Jes\u00fas se asent\u00f3 en 1599, siendo C\u00f3rdoba el punto central para sus misiones de evangelizaci\u00f3n en el pa\u00eds.&nbsp;<\/p>\n\n\n\n<div style=\"height:20px\" aria-hidden=\"true\" class=\"wp-block-spacer\"><\/div>\n\n\n\n<p>Con el tiempo levantaron los edificios que hoy se pueden ver, como la Capilla Dom\u00e9stica, el Colegio Nacional de Monserrat (todav\u00eda en funcionamiento), la antigua sede de la Universidad de C\u00f3rdoba (convertido en museo), la Biblioteca Mayor de la Universidad Nacional de C\u00f3rdoba, la Residencia y la Iglesia de la Compa\u00f1\u00eda de Jes\u00fas, en la que se sigue celebrando misa.<\/p>\n\n\n\n<figure class=\"wp-block-gallery has-nested-images columns-default is-cropped wp-block-gallery-3 is-layout-flex wp-block-gallery-is-layout-flex\">\n<figure class=\"wp-block-image size-large\"><img loading=\"lazy\" decoding=\"async\" width=\"1024\" height=\"575\" data-id=\"26164\" src=\"https:\/\/fiorellalarosa.com\/wp-content\/uploads\/2024\/05\/img_6489-1-1024x575.jpg\" alt=\"\" class=\"wp-image-26164\" srcset=\"https:\/\/fiorellalarosa.com\/wp-content\/uploads\/2024\/05\/img_6489-1-1024x575.jpg 1024w, https:\/\/fiorellalarosa.com\/wp-content\/uploads\/2024\/05\/img_6489-1-300x169.jpg 300w, https:\/\/fiorellalarosa.com\/wp-content\/uploads\/2024\/05\/img_6489-1-768x432.jpg 768w, https:\/\/fiorellalarosa.com\/wp-content\/uploads\/2024\/05\/img_6489-1-1536x863.jpg 1536w, https:\/\/fiorellalarosa.com\/wp-content\/uploads\/2024\/05\/img_6489-1-1320x742.jpg 1320w, https:\/\/fiorellalarosa.com\/wp-content\/uploads\/2024\/05\/img_6489-1-600x337.jpg 600w, https:\/\/fiorellalarosa.com\/wp-content\/uploads\/2024\/05\/img_6489-1.jpg 2000w\" sizes=\"auto, (max-width: 1024px) 100vw, 1024px\" \/><\/figure>\n<\/figure>\n\n\n\n<div style=\"height:20px\" aria-hidden=\"true\" class=\"wp-block-spacer\"><\/div>\n\n\n\n<p>Caminando unos pocos metros vas a llegar a &nbsp;la&nbsp;<strong>Plaza San Mart\u00edn<\/strong>, la plaza principal de la ciudad que est\u00e1 rodeada por bancos, un teatro, tiendas, y los edificios del&nbsp;<strong>Cabildo<\/strong>&nbsp;y la&nbsp;<strong>Catedral<\/strong>&nbsp;de C\u00f3rdoba.<\/p>\n\n\n\n<div style=\"height:20px\" aria-hidden=\"true\" class=\"wp-block-spacer\"><\/div>\n\n\n\n<p>El edificio de la Catedral es majestuoso, fusiona arquitectura barroca y neocl\u00e1sica, su construcci\u00f3n demor\u00f3 99 a\u00f1os. Es hermosa por fuera y por dentro, cuidaron cada detalle, adem\u00e1s esta muy bien conservada, vale la pena conocerla, el ingreso es libre y gratuito.<\/p>\n\n\n\n<figure class=\"wp-block-gallery has-nested-images columns-default is-cropped wp-block-gallery-4 is-layout-flex wp-block-gallery-is-layout-flex\">\n<figure class=\"wp-block-image\"><img loading=\"lazy\" decoding=\"async\" width=\"1024\" height=\"575\" data-id=\"26165\" src=\"https:\/\/fiorellalarosa.com\/wp-content\/uploads\/2024\/05\/img_6524-2-1-1024x575.jpg\" alt=\"\" class=\"wp-image-26165\" srcset=\"https:\/\/fiorellalarosa.com\/wp-content\/uploads\/2024\/05\/img_6524-2-1-1024x575.jpg 1024w, https:\/\/fiorellalarosa.com\/wp-content\/uploads\/2024\/05\/img_6524-2-1-300x169.jpg 300w, https:\/\/fiorellalarosa.com\/wp-content\/uploads\/2024\/05\/img_6524-2-1-768x432.jpg 768w, https:\/\/fiorellalarosa.com\/wp-content\/uploads\/2024\/05\/img_6524-2-1-1536x863.jpg 1536w, https:\/\/fiorellalarosa.com\/wp-content\/uploads\/2024\/05\/img_6524-2-1-1320x742.jpg 1320w, https:\/\/fiorellalarosa.com\/wp-content\/uploads\/2024\/05\/img_6524-2-1-600x337.jpg 600w, https:\/\/fiorellalarosa.com\/wp-content\/uploads\/2024\/05\/img_6524-2-1.jpg 2000w\" sizes=\"auto, (max-width: 1024px) 100vw, 1024px\" \/><\/figure>\n<\/figure>\n\n\n\n<div style=\"height:20px\" aria-hidden=\"true\" class=\"wp-block-spacer\"><\/div>\n\n\n\n<p>El&nbsp;<strong>Cabildo de C\u00f3rdoba<\/strong>&nbsp;es otro edificio antiguo que se puede recorrer, aunque solo su patio y galer\u00edas ya que hoy se usa en parte como oficinas gubernamentales y centro de exposiciones. All\u00ed se puede realizar una&nbsp;<strong>visita guiada por los t\u00faneles de la ciudad<\/strong>.<\/p>\n\n\n\n<div style=\"height:20px\" aria-hidden=\"true\" class=\"wp-block-spacer\"><\/div>\n\n\n\n<p>La Catedral y el Cabildo est\u00e1n separados por el&nbsp;<strong>Pasaje Santa Catalina,<\/strong>&nbsp;un pasaje con calle de piedra que desemboca en el viejo&nbsp;<strong>Monasterio de Santa Catalina<\/strong>.<\/p>\n\n\n\n<div style=\"height:20px\" aria-hidden=\"true\" class=\"wp-block-spacer\"><\/div>\n\n\n\n<p>A media cuadra de la plaza San Martin, sobre la calle Independencia, se encuentra el antiguo&nbsp;<strong>Monasterio San Jos\u00e9 de las Carmelitas Descalzas<\/strong>, construido en 1628. El frente del edificio es hermoso y por dentro es la t\u00edpica construcci\u00f3n colonial jesuita, con varias salas que rodean a un patio interno con galer\u00edas.<\/p>\n\n\n\n<figure class=\"wp-block-gallery has-nested-images columns-default is-cropped wp-block-gallery-5 is-layout-flex wp-block-gallery-is-layout-flex\">\n<figure class=\"wp-block-image\"><img loading=\"lazy\" decoding=\"async\" width=\"1024\" height=\"575\" data-id=\"26166\" src=\"https:\/\/fiorellalarosa.com\/wp-content\/uploads\/2024\/05\/img_6567-1-1024x575.jpg\" alt=\"\" class=\"wp-image-26166\" srcset=\"https:\/\/fiorellalarosa.com\/wp-content\/uploads\/2024\/05\/img_6567-1-1024x575.jpg 1024w, https:\/\/fiorellalarosa.com\/wp-content\/uploads\/2024\/05\/img_6567-1-300x169.jpg 300w, https:\/\/fiorellalarosa.com\/wp-content\/uploads\/2024\/05\/img_6567-1-768x432.jpg 768w, https:\/\/fiorellalarosa.com\/wp-content\/uploads\/2024\/05\/img_6567-1-1536x863.jpg 1536w, https:\/\/fiorellalarosa.com\/wp-content\/uploads\/2024\/05\/img_6567-1-1320x742.jpg 1320w, https:\/\/fiorellalarosa.com\/wp-content\/uploads\/2024\/05\/img_6567-1-600x337.jpg 600w, https:\/\/fiorellalarosa.com\/wp-content\/uploads\/2024\/05\/img_6567-1.jpg 2000w\" sizes=\"auto, (max-width: 1024px) 100vw, 1024px\" \/><\/figure>\n<\/figure>\n\n\n\n<div style=\"height:20px\" aria-hidden=\"true\" class=\"wp-block-spacer\"><\/div>\n\n\n\n<p>Pueden consultar por horarios y m\u00e1s informaci\u00f3n sobre los edificios que visitar en C\u00f3rdoba en el&nbsp;<a href=\"https:\/\/www.cordobaturismo.gov.ar\/region\/capital\/\" target=\"_blank\" rel=\"noreferrer noopener\">sitio web de turismo de la ciudad<\/a>.<\/p>\n\n\n\n<div style=\"height:20px\" aria-hidden=\"true\" class=\"wp-block-spacer\"><\/div>\n\n\n\n<h5 class=\"wp-block-heading\"><strong>Nueva C\u00f3rdoba<\/strong><\/h5>\n\n\n\n<p>Saliendo del centro hist\u00f3rico y paseando por el barrio Nueva C\u00f3rdoba, donde el estilo colonial se difumina con modernas torres y edificios, nos encontramos el&nbsp;<strong>Paseo del Buen Pastor<\/strong>, un edificio que&nbsp;antiguamente era una c\u00e1rcel de mujeres&nbsp;pero que hoy es un es un complejo cultural, tur\u00edstico y recreativo que brinda al visitante diferentes actividades. Cada d\u00eda de la semana ofrece gran variedad de programas como conciertos, coros, muestras de pinturas, esculturas y fotograf\u00edas, espect\u00e1culos de danzas, presentaciones de libros, obras de teatro y shows de t\u00edteres, entre otras actividades, adem\u00e1s posee unas fuentes que en la noche encienden luces, un lugar que no te puedes perder tanto de d\u00eda como de noche.<\/p>\n\n\n\n<figure class=\"wp-block-gallery has-nested-images columns-default is-cropped wp-block-gallery-6 is-layout-flex wp-block-gallery-is-layout-flex\">\n<figure class=\"wp-block-image\"><img loading=\"lazy\" decoding=\"async\" width=\"1024\" height=\"576\" data-id=\"26168\" src=\"https:\/\/fiorellalarosa.com\/wp-content\/uploads\/2024\/05\/img_7016-1-1024x576.jpg\" alt=\"\" class=\"wp-image-26168\" srcset=\"https:\/\/fiorellalarosa.com\/wp-content\/uploads\/2024\/05\/img_7016-1-1024x576.jpg 1024w, https:\/\/fiorellalarosa.com\/wp-content\/uploads\/2024\/05\/img_7016-1-300x169.jpg 300w, https:\/\/fiorellalarosa.com\/wp-content\/uploads\/2024\/05\/img_7016-1-768x432.jpg 768w, https:\/\/fiorellalarosa.com\/wp-content\/uploads\/2024\/05\/img_7016-1-1536x864.jpg 1536w, https:\/\/fiorellalarosa.com\/wp-content\/uploads\/2024\/05\/img_7016-1-1320x743.jpg 1320w, https:\/\/fiorellalarosa.com\/wp-content\/uploads\/2024\/05\/img_7016-1-600x338.jpg 600w, https:\/\/fiorellalarosa.com\/wp-content\/uploads\/2024\/05\/img_7016-1.jpg 2000w\" sizes=\"auto, (max-width: 1024px) 100vw, 1024px\" \/><\/figure>\n<\/figure>\n\n\n\n<div style=\"height:20px\" aria-hidden=\"true\" class=\"wp-block-spacer\"><\/div>\n\n\n\n<p>Detr\u00e1s del Paseo del Buen Pastor se ve\u00edan unas enormes torres t\u00edpicas de un templo. Se trataba de la&nbsp;<strong>Parroquia del Sagrado Coraz\u00f3n de Jes\u00fas<\/strong> o tambi\u00e9n conocida como la<strong> Iglesia de los Capuchinos.<\/strong> Su exterior es distinto al resto de las catedrales, su construcci\u00f3n llev\u00f3 poco m\u00e1s de 20 a\u00f1os<strong> <\/strong>y se dice que es una mezcla de estilos neog\u00f3tico y neorrom\u00e1nico, en mi opini\u00f3n uno de los mejores puntos tur\u00edsticos para conocer en C\u00f3rdoba Capital, adem\u00e1s te recomiendo conocerla tanto de d\u00eda como de noche, porque son dos im\u00e1genes totalmente distintas cada una con su encanto particular. Se puede realizar un tour para conocer esta bell\u00edsima iglesia llamado &#8216;Experiencia Capuchinos&#8217; que consiste en el&nbsp;ascenso a la torre de los Capuchinos con visita guiada. Reservas: +54 9 3516 00-3084.<\/p>\n\n\n\n<figure class=\"wp-block-gallery has-nested-images columns-default is-cropped wp-block-gallery-7 is-layout-flex wp-block-gallery-is-layout-flex\">\n<figure class=\"wp-block-image size-large\"><img loading=\"lazy\" decoding=\"async\" width=\"1024\" height=\"579\" data-id=\"26170\" src=\"https:\/\/fiorellalarosa.com\/wp-content\/uploads\/2024\/05\/img_6844-1-1024x579.jpg\" alt=\"\" class=\"wp-image-26170\" srcset=\"https:\/\/fiorellalarosa.com\/wp-content\/uploads\/2024\/05\/img_6844-1-1024x579.jpg 1024w, https:\/\/fiorellalarosa.com\/wp-content\/uploads\/2024\/05\/img_6844-1-300x170.jpg 300w, https:\/\/fiorellalarosa.com\/wp-content\/uploads\/2024\/05\/img_6844-1-768x434.jpg 768w, https:\/\/fiorellalarosa.com\/wp-content\/uploads\/2024\/05\/img_6844-1-1536x868.jpg 1536w, https:\/\/fiorellalarosa.com\/wp-content\/uploads\/2024\/05\/img_6844-1-1320x746.jpg 1320w, https:\/\/fiorellalarosa.com\/wp-content\/uploads\/2024\/05\/img_6844-1-600x339.jpg 600w, https:\/\/fiorellalarosa.com\/wp-content\/uploads\/2024\/05\/img_6844-1.jpg 2000w\" sizes=\"auto, (max-width: 1024px) 100vw, 1024px\" \/><\/figure>\n<\/figure>\n\n\n\n<div style=\"height:20px\" aria-hidden=\"true\" class=\"wp-block-spacer\"><\/div>\n\n\n\n<h5 class=\"wp-block-heading\">Parque Sarmiento<\/h5>\n\n\n\n<p>Es uno de los principales lugares de esparcimiento de la ciudad y el mayor pulm\u00f3n verde de la misma, ideal para realizar actividad f\u00edsica, pasar tiempo al aire libre, hacer un picnic, ver el atardecer y mucho mas. Tiene un lago con un puente, el parque de la biodiversidad (antiguo zool\u00f3gico) , el paseo y el faro del bicentenario, algunos food trucks donde puedes comerte unos ricos choripanes y barcitos donde disfrutar de la tarde. Tambi\u00e9n puedes subir al Mirador del Coniferal con vistas hermosas de la ciudad y la Rueda Eiffel, que fue construida en 1916, lleg\u00f3 a C\u00f3rdoba dos a\u00f1os despu\u00e9s y, a pesar de que colaps\u00f3 en 1992, a\u00fan se mantiene en pie dentro del Parque Sarmiento, hace poco volvi\u00f3 a girar, luego de 20 a\u00f1os de abandono, la encienden todos los d\u00edas por 10 minutos luego del atardecer y se puede disfrutar de manera libre y gratuita.<\/p>\n\n\n\n<figure class=\"wp-block-gallery has-nested-images columns-default is-cropped wp-block-gallery-8 is-layout-flex wp-block-gallery-is-layout-flex\">\n<figure class=\"wp-block-image\"><img loading=\"lazy\" decoding=\"async\" width=\"1024\" height=\"575\" data-id=\"26171\" src=\"https:\/\/fiorellalarosa.com\/wp-content\/uploads\/2024\/05\/img_6819-1-1024x575.jpg\" alt=\"\" class=\"wp-image-26171\" srcset=\"https:\/\/fiorellalarosa.com\/wp-content\/uploads\/2024\/05\/img_6819-1-1024x575.jpg 1024w, https:\/\/fiorellalarosa.com\/wp-content\/uploads\/2024\/05\/img_6819-1-300x169.jpg 300w, https:\/\/fiorellalarosa.com\/wp-content\/uploads\/2024\/05\/img_6819-1-768x432.jpg 768w, https:\/\/fiorellalarosa.com\/wp-content\/uploads\/2024\/05\/img_6819-1-1536x863.jpg 1536w, https:\/\/fiorellalarosa.com\/wp-content\/uploads\/2024\/05\/img_6819-1-1320x742.jpg 1320w, https:\/\/fiorellalarosa.com\/wp-content\/uploads\/2024\/05\/img_6819-1-600x337.jpg 600w, https:\/\/fiorellalarosa.com\/wp-content\/uploads\/2024\/05\/img_6819-1.jpg 2000w\" sizes=\"auto, (max-width: 1024px) 100vw, 1024px\" \/><\/figure>\n<\/figure>\n\n\n\n<div style=\"height:20px\" aria-hidden=\"true\" class=\"wp-block-spacer\"><\/div>\n\n\n\n<h5 class=\"wp-block-heading\">Patio Olmos<\/h5>\n\n\n\n<p>Visitamos uno de los centros comerciales mas importantes de la ciudad:&nbsp;<strong>Patio Olmos Shopping<\/strong>, est\u00e1 ubicado diagonal al hotel Am\u00e9rian donde nos est\u00e1bamos hospedando, fue construido sobre un edificio de 1909 donde funcionaba la antigua Escuela Superior de Ni\u00f1os Varones, conocida como Escuela Olmos. Su fachada es una de las joyas arquitect\u00f3nicas mas destacadas de C\u00f3rdoba.<\/p>\n\n\n\n<figure class=\"wp-block-gallery has-nested-images columns-default is-cropped wp-block-gallery-9 is-layout-flex wp-block-gallery-is-layout-flex\">\n<figure class=\"wp-block-image\"><img loading=\"lazy\" decoding=\"async\" width=\"1024\" height=\"576\" data-id=\"26172\" src=\"https:\/\/fiorellalarosa.com\/wp-content\/uploads\/2024\/05\/img_7019-1-1024x576.jpg\" alt=\"\" class=\"wp-image-26172\" srcset=\"https:\/\/fiorellalarosa.com\/wp-content\/uploads\/2024\/05\/img_7019-1-1024x576.jpg 1024w, https:\/\/fiorellalarosa.com\/wp-content\/uploads\/2024\/05\/img_7019-1-300x169.jpg 300w, https:\/\/fiorellalarosa.com\/wp-content\/uploads\/2024\/05\/img_7019-1-768x432.jpg 768w, https:\/\/fiorellalarosa.com\/wp-content\/uploads\/2024\/05\/img_7019-1-1536x864.jpg 1536w, https:\/\/fiorellalarosa.com\/wp-content\/uploads\/2024\/05\/img_7019-1-1320x743.jpg 1320w, https:\/\/fiorellalarosa.com\/wp-content\/uploads\/2024\/05\/img_7019-1-600x338.jpg 600w, https:\/\/fiorellalarosa.com\/wp-content\/uploads\/2024\/05\/img_7019-1.jpg 2000w\" sizes=\"auto, (max-width: 1024px) 100vw, 1024px\" \/><\/figure>\n<\/figure>\n\n\n\n<div style=\"height:20px\" aria-hidden=\"true\" class=\"wp-block-spacer\"><\/div>\n\n\n\n<h5 class=\"wp-block-heading\">Barrio G\u00fcemes y el Paseo de las Artes<\/h5>\n\n\n\n<p>Durante los fines de semana y feriados, este sector de la ciudad cobra vida y se llena de visitantes, atra\u00eddos por la oferta gastron\u00f3mica de bares, galer\u00edas, as\u00ed como tambi\u00e9n por la tradicional Feria de Artesanos y los comercios de la zona. Se puede comenzar el recorrido por la calle Belgrano y seguir hasta el Pasaje Revol, donde se encuentra la Feria de Antig\u00fcedades, Reciclados y Curiosidades.<\/p>\n\n\n\n<figure class=\"wp-block-gallery has-nested-images columns-default is-cropped wp-block-gallery-10 is-layout-flex wp-block-gallery-is-layout-flex\">\n<figure class=\"wp-block-image size-full\"><a href=\"https:\/\/fiorellalarosa.com\/wp-content\/uploads\/2024\/05\/Guemes-1-e1635726015410.jpg\"><img loading=\"lazy\" decoding=\"async\" width=\"640\" height=\"360\" data-id=\"26199\" src=\"https:\/\/fiorellalarosa.com\/wp-content\/uploads\/2024\/05\/Guemes-1-e1635726015410.jpg\" alt=\"\" class=\"wp-image-26199\" srcset=\"https:\/\/fiorellalarosa.com\/wp-content\/uploads\/2024\/05\/Guemes-1-e1635726015410.jpg 640w, https:\/\/fiorellalarosa.com\/wp-content\/uploads\/2024\/05\/Guemes-1-e1635726015410-300x169.jpg 300w, https:\/\/fiorellalarosa.com\/wp-content\/uploads\/2024\/05\/Guemes-1-e1635726015410-600x338.jpg 600w\" sizes=\"auto, (max-width: 640px) 100vw, 640px\" \/><\/a><\/figure>\n<\/figure>\n\n\n\n<div style=\"height:20px\" aria-hidden=\"true\" class=\"wp-block-spacer\"><\/div>\n\n\n\n<p>M\u00e1s adelante, sobre la calle Ach\u00e1val Rodr\u00edguez, se llega al Paseo de las Artes, que adem\u00e1s de hermosas y originales artesan\u00edas, cuenta tambi\u00e9n con ferias tem\u00e1ticas de flores, plantas, sabores artesanales y otra dedicada a los ni\u00f1os. Esta pintoresca muestra de artesanos y anticuarios es, sin duda, una de las mejores de la Rep\u00fablica Argentina, donde se exhiben productos de dise\u00f1o a buenos precios.<\/p>\n\n\n\n<div style=\"height:20px\" aria-hidden=\"true\" class=\"wp-block-spacer\"><\/div>\n\n\n\n<p class=\"has-ast-global-color-3-color has-text-color has-link-color wp-elements-cb9a6efdde1b745ce565a05982fe38b2\">Hay espacios cerrados y al aire libre, galer\u00edas y paseos con tiendas, ca\u00edda la noche, en torno al emblem\u00e1tico Paseo de las Artes, se suman bares, boliches, almacenes y pubs, ofreciendo desde espect\u00e1culos folcl\u00f3ricos y espacios bailables para los m\u00e1s j\u00f3venes hasta el lugar ideal para vivir la experiencia tanguera. Este barrio es, precisamente, el \u00fanico lugar de C\u00f3rdoba donde se vive el tango y la verdadera milonga argentina.<\/p>\n\n\n\n<div style=\"height:20px\" aria-hidden=\"true\" class=\"wp-block-spacer\"><\/div>\n\n\n\n<h5 class=\"wp-block-heading\">Museos<\/h5>\n\n\n\n<p class=\"has-ast-global-color-3-color has-text-color has-link-color wp-elements-8b841178e793abfdcf35788660793c61\">Si eres de los que disfrutar recorrer museos en los destinos que visita, C\u00f3rdoba tiene muchos museos para deleitarse, entre ellos puedo mencionar: Museo Superior de Bellas Artes \u201cEvita\u201d&nbsp;(Palacio Ferreyra), <a href=\"https:\/\/www.youtube.com\/watch?v=bpHZm3qTLtU\" target=\"_blank\" rel=\"noreferrer noopener\">Museo Provincial de Bellas Artes \u201cEmilio Caraffa\u201d<\/a>, <a href=\"https:\/\/www.youtube.com\/watch?v=AYVp4MpKv4A\" target=\"_blank\" rel=\"noreferrer noopener\">Museo Provincial de Ciencias Naturales \u2013 \u201cDr. Arturo Umberto Ill\u00eda\u201d<\/a>, <a href=\"http:\/\/museoantropologia.unc.edu.ar\/\">Museo de Antropolog\u00eda de la UNC<\/a>, <a href=\"https:\/\/www.youtube.com\/watch?v=7CoCMzo7v9c\" target=\"_blank\" rel=\"noreferrer noopener\">Museo Provincial de Fotograf\u00eda&nbsp;\u2013&nbsp;\u201cPalacio Dionisi\u201d<\/a>, entre otros.<\/p>\n\n\n\n<figure class=\"wp-block-gallery has-nested-images columns-default is-cropped wp-block-gallery-11 is-layout-flex wp-block-gallery-is-layout-flex\">\n<figure class=\"wp-block-image size-full\"><a href=\"https:\/\/fiorellalarosa.com\/wp-content\/uploads\/2024\/05\/Emilio-Caraffa-2-en-baja-1024x841-1.jpg\"><img loading=\"lazy\" decoding=\"async\" width=\"1024\" height=\"841\" data-id=\"26200\" src=\"https:\/\/fiorellalarosa.com\/wp-content\/uploads\/2024\/05\/Emilio-Caraffa-2-en-baja-1024x841-1.jpg\" alt=\"\" class=\"wp-image-26200\" srcset=\"https:\/\/fiorellalarosa.com\/wp-content\/uploads\/2024\/05\/Emilio-Caraffa-2-en-baja-1024x841-1.jpg 1024w, https:\/\/fiorellalarosa.com\/wp-content\/uploads\/2024\/05\/Emilio-Caraffa-2-en-baja-1024x841-1-300x246.jpg 300w, https:\/\/fiorellalarosa.com\/wp-content\/uploads\/2024\/05\/Emilio-Caraffa-2-en-baja-1024x841-1-768x631.jpg 768w, https:\/\/fiorellalarosa.com\/wp-content\/uploads\/2024\/05\/Emilio-Caraffa-2-en-baja-1024x841-1-600x493.jpg 600w\" sizes=\"auto, (max-width: 1024px) 100vw, 1024px\" \/><\/a><\/figure>\n<\/figure>\n","protected":false},"excerpt":{"rendered":"<p>En mi ultimo viaje dentro de Argentina hice un recorrido por la provincia de C\u00f3rdoba, la decimo sexta provincia que conozco de este hermoso pa\u00eds. El recorrido incluy\u00f3 La Cumbrecita, Villa General Belgrano y C\u00f3rdoba Capital. La provincia de C\u00f3rdoba est\u00e1 ubicada en el coraz\u00f3n de Argentina, su capital hom\u00f3nima cuenta un mill\u00f3n y medio [&hellip;]<\/p>\n","protected":false},"author":1,"featured_media":26177,"comment_status":"open","ping_status":"open","sticky":false,"template":"","format":"standard","meta":{"_uag_custom_page_level_css":"","site-sidebar-layout":"default","site-content-layout":"","ast-site-content-layout":"default","site-content-style":"default","site-sidebar-style":"default","ast-global-header-display":"","ast-banner-title-visibility":"","ast-main-header-display":"","ast-hfb-above-header-display":"","ast-hfb-below-header-display":"","ast-hfb-mobile-header-display":"","site-post-title":"","ast-breadcrumbs-content":"","ast-featured-img":"disabled","footer-sml-layout":"","ast-disable-related-posts":"","theme-transparent-header-meta":"","adv-header-id-meta":"","stick-header-meta":"","header-above-stick-meta":"","header-main-stick-meta":"","header-below-stick-meta":"","astra-migrate-meta-layouts":"set","ast-page-background-enabled":"default","ast-page-background-meta":{"desktop":{"background-color":"","background-image":"","background-repeat":"repeat","background-position":"center center","background-size":"auto","background-attachment":"scroll","background-type":"","background-media":"","overlay-type":"","overlay-color":"","overlay-opacity":"","overlay-gradient":""},"tablet":{"background-color":"","background-image":"","background-repeat":"repeat","background-position":"center center","background-size":"auto","background-attachment":"scroll","background-type":"","background-media":"","overlay-type":"","overlay-color":"","overlay-opacity":"","overlay-gradient":""},"mobile":{"background-color":"","background-image":"","background-repeat":"repeat","background-position":"center center","background-size":"auto","background-attachment":"scroll","background-type":"","background-media":"","overlay-type":"","overlay-color":"","overlay-opacity":"","overlay-gradient":""}},"ast-content-background-meta":{"desktop":{"background-color":"var(--ast-global-color-5)","background-image":"","background-repeat":"repeat","background-position":"center center","background-size":"auto","background-attachment":"scroll","background-type":"","background-media":"","overlay-type":"","overlay-color":"","overlay-opacity":"","overlay-gradient":""},"tablet":{"background-color":"var(--ast-global-color-5)","background-image":"","background-repeat":"repeat","background-position":"center center","background-size":"auto","background-attachment":"scroll","background-type":"","background-media":"","overlay-type":"","overlay-color":"","overlay-opacity":"","overlay-gradient":""},"mobile":{"background-color":"var(--ast-global-color-5)","background-image":"","background-repeat":"repeat","background-position":"center center","background-size":"auto","background-attachment":"scroll","background-type":"","background-media":"","overlay-type":"","overlay-color":"","overlay-opacity":"","overlay-gradient":""}},"_jetpack_memberships_contains_paid_content":false,"footnotes":""},"categories":[32,39,40,1,29],"tags":[54,53,49,50,55,52,51],"class_list":["post-26154","post","type-post","status-publish","format-standard","has-post-thumbnail","hentry","category-escapadas","category-itinerarios","category-sitios-para-visitar","category-uncategorized","category-viajes","tag-catedral-de-cordoba","tag-city-tour-cordoba","tag-cordoba","tag-cordoba-capital","tag-plaza-san-martin","tag-que-hacer-en-cordoba","tag-turismo-cordoba"],"jetpack_featured_media_url":"https:\/\/fiorellalarosa.com\/wp-content\/uploads\/2024\/05\/img_7023-1.jpg","uagb_featured_image_src":{"full":["https:\/\/fiorellalarosa.com\/wp-content\/uploads\/2024\/05\/img_7023-1.jpg",2000,1124,false],"thumbnail":["https:\/\/fiorellalarosa.com\/wp-content\/uploads\/2024\/05\/img_7023-1-150x150.jpg",150,150,true],"medium":["https:\/\/fiorellalarosa.com\/wp-content\/uploads\/2024\/05\/img_7023-1-300x169.jpg",300,169,true],"medium_large":["https:\/\/fiorellalarosa.com\/wp-content\/uploads\/2024\/05\/img_7023-1-768x432.jpg",768,432,true],"large":["https:\/\/fiorellalarosa.com\/wp-content\/uploads\/2024\/05\/img_7023-1-1024x575.jpg",1024,575,true],"1536x1536":["https:\/\/fiorellalarosa.com\/wp-content\/uploads\/2024\/05\/img_7023-1-1536x863.jpg",1536,863,true],"2048x2048":["https:\/\/fiorellalarosa.com\/wp-content\/uploads\/2024\/05\/img_7023-1.jpg",2000,1124,false],"mailpoet_newsletter_max":["https:\/\/fiorellalarosa.com\/wp-content\/uploads\/2024\/05\/img_7023-1-1320x742.jpg",1320,742,true],"woocommerce_thumbnail":["https:\/\/fiorellalarosa.com\/wp-content\/uploads\/2024\/05\/img_7023-1-300x300.jpg",300,300,true],"woocommerce_single":["https:\/\/fiorellalarosa.com\/wp-content\/uploads\/2024\/05\/img_7023-1-600x337.jpg",600,337,true],"woocommerce_gallery_thumbnail":["https:\/\/fiorellalarosa.com\/wp-content\/uploads\/2024\/05\/img_7023-1-100x100.jpg",100,100,true]},"uagb_author_info":{"display_name":"Fiorella La Rosa","author_link":"https:\/\/fiorellalarosa.com\/?author=1"},"uagb_comment_info":0,"uagb_excerpt":"En mi ultimo viaje dentro de Argentina hice un recorrido por la provincia de C\u00f3rdoba, la decimo sexta provincia que conozco de este hermoso pa\u00eds. El recorrido incluy\u00f3 La Cumbrecita, Villa General Belgrano y C\u00f3rdoba Capital. La provincia de C\u00f3rdoba est\u00e1 ubicada en el coraz\u00f3n de Argentina, su capital hom\u00f3nima cuenta un mill\u00f3n y medio&hellip;","jetpack_sharing_enabled":true,"rttpg_featured_image_url":{"full":["https:\/\/fiorellalarosa.com\/wp-content\/uploads\/2024\/05\/img_7023-1.jpg",2000,1124,false],"landscape":["https:\/\/fiorellalarosa.com\/wp-content\/uploads\/2024\/05\/img_7023-1.jpg",2000,1124,false],"portraits":["https:\/\/fiorellalarosa.com\/wp-content\/uploads\/2024\/05\/img_7023-1.jpg",2000,1124,false],"thumbnail":["https:\/\/fiorellalarosa.com\/wp-content\/uploads\/2024\/05\/img_7023-1-150x150.jpg",150,150,true],"medium":["https:\/\/fiorellalarosa.com\/wp-content\/uploads\/2024\/05\/img_7023-1-300x169.jpg",300,169,true],"large":["https:\/\/fiorellalarosa.com\/wp-content\/uploads\/2024\/05\/img_7023-1-1024x575.jpg",1024,575,true],"1536x1536":["https:\/\/fiorellalarosa.com\/wp-content\/uploads\/2024\/05\/img_7023-1-1536x863.jpg",1536,863,true],"2048x2048":["https:\/\/fiorellalarosa.com\/wp-content\/uploads\/2024\/05\/img_7023-1.jpg",2000,1124,false],"mailpoet_newsletter_max":["https:\/\/fiorellalarosa.com\/wp-content\/uploads\/2024\/05\/img_7023-1-1320x742.jpg",1320,742,true],"woocommerce_thumbnail":["https:\/\/fiorellalarosa.com\/wp-content\/uploads\/2024\/05\/img_7023-1-300x300.jpg",300,300,true],"woocommerce_single":["https:\/\/fiorellalarosa.com\/wp-content\/uploads\/2024\/05\/img_7023-1-600x337.jpg",600,337,true],"woocommerce_gallery_thumbnail":["https:\/\/fiorellalarosa.com\/wp-content\/uploads\/2024\/05\/img_7023-1-100x100.jpg",100,100,true]},"rttpg_author":{"display_name":"Fiorella La Rosa","author_link":"https:\/\/fiorellalarosa.com\/?author=1"},"rttpg_comment":0,"rttpg_category":"<a href=\"https:\/\/fiorellalarosa.com\/?cat=32\" rel=\"category\">Escapadas<\/a> <a href=\"https:\/\/fiorellalarosa.com\/?cat=39\" rel=\"category\">Itinerarios<\/a> <a href=\"https:\/\/fiorellalarosa.com\/?cat=40\" rel=\"category\">Sitios para Visitar<\/a> <a href=\"https:\/\/fiorellalarosa.com\/?cat=1\" rel=\"category\">Uncategorized<\/a> <a href=\"https:\/\/fiorellalarosa.com\/?cat=29\" rel=\"category\">Viajes<\/a>","rttpg_excerpt":"En mi ultimo viaje dentro de Argentina hice un recorrido por la provincia de C\u00f3rdoba, la decimo sexta provincia que conozco de este hermoso pa\u00eds. El recorrido incluy\u00f3 La Cumbrecita, Villa General Belgrano y C\u00f3rdoba Capital. La provincia de C\u00f3rdoba est\u00e1 ubicada en el coraz\u00f3n de Argentina, su capital hom\u00f3nima cuenta un mill\u00f3n y medio&hellip;","_links":{"self":[{"href":"https:\/\/fiorellalarosa.com\/index.php?rest_route=\/wp\/v2\/posts\/26154","targetHints":{"allow":["GET"]}}],"collection":[{"href":"https:\/\/fiorellalarosa.com\/index.php?rest_route=\/wp\/v2\/posts"}],"about":[{"href":"https:\/\/fiorellalarosa.com\/index.php?rest_route=\/wp\/v2\/types\/post"}],"author":[{"embeddable":true,"href":"https:\/\/fiorellalarosa.com\/index.php?rest_route=\/wp\/v2\/users\/1"}],"replies":[{"embeddable":true,"href":"https:\/\/fiorellalarosa.com\/index.php?rest_route=%2Fwp%2Fv2%2Fcomments&post=26154"}],"version-history":[{"count":7,"href":"https:\/\/fiorellalarosa.com\/index.php?rest_route=\/wp\/v2\/posts\/26154\/revisions"}],"predecessor-version":[{"id":26201,"href":"https:\/\/fiorellalarosa.com\/index.php?rest_route=\/wp\/v2\/posts\/26154\/revisions\/26201"}],"wp:featuredmedia":[{"embeddable":true,"href":"https:\/\/fiorellalarosa.com\/index.php?rest_route=\/wp\/v2\/media\/26177"}],"wp:attachment":[{"href":"https:\/\/fiorellalarosa.com\/index.php?rest_route=%2Fwp%2Fv2%2Fmedia&parent=26154"}],"wp:term":[{"taxonomy":"category","embeddable":true,"href":"https:\/\/fiorellalarosa.com\/index.php?rest_route=%2Fwp%2Fv2%2Fcategories&post=26154"},{"taxonomy":"post_tag","embeddable":true,"href":"https:\/\/fiorellalarosa.com\/index.php?rest_route=%2Fwp%2Fv2%2Ftags&post=26154"}],"curies":[{"name":"wp","href":"https:\/\/api.w.org\/{rel}","templated":true}]}}