{"id":26465,"date":"2025-02-14T20:47:00","date_gmt":"2025-02-14T23:47:00","guid":{"rendered":"https:\/\/fiorellalarosa.com\/?p=26465"},"modified":"2025-12-11T12:50:35","modified_gmt":"2025-12-11T15:50:35","slug":"la-nueva-comedia-disponible-en-paseo-la-plaza-mi-amiga-y-yo","status":"publish","type":"post","link":"https:\/\/fiorellalarosa.com\/?p=26465","title":{"rendered":"La nueva comedia disponible en Paseo la Plaza: \u201cM\u00ed amiga y yo\u201d"},"content":{"rendered":"\n<p class=\"p1\">El pasado jueves 13 de febrero tuve el placer de asistir a la funci\u00f3n de prensa de \u201cMi amiga y yo\u201d en la Sala Picasso de Paseo La Plaza, ubicada en la emblem\u00e1tica Avenida Corrientes de la Ciudad de Buenos Aires. Con un elenco destacado conformado por Sebasti\u00e1n Presta, Josefina Scaglione, Sabrina Lara y Leandro Serodino, la obra super\u00f3 todas mis expectativas y me brind\u00f3 una noche llena de risas y emociones.<\/p>\n\n\n\n<div style=\"height:10px\" aria-hidden=\"true\" class=\"wp-block-spacer\"><\/div>\n\n\n\n<p class=\"p1\">La trama gira en torno a Santiago (Sebasti\u00e1n Presta) y Valeria (Josefina Scaglione), mejores amigos de toda la vida. Santiago, un comediante que atraviesa una reciente separaci\u00f3n tras diez a\u00f1os de matrimonio, busca refugio en el departamento de Valeria mientras intenta ocultar sus verdaderos sentimientos hacia ella. La din\u00e1mica se complica con la presencia de Paula (Sabrina Lara), la mejor amiga de Valeria, y Miguel (Leandro Serodino), un personaje que Valeria conoce a trav\u00e9s de Tinder. En medio de debates sobre el amor, la amistad y las relaciones de pareja, una noticia inesperada sacude la vida de los protagonistas, llevando a Santiago a considerar la posibilidad de estar junto a Valeria para siempre.<\/p>\n\n\n\n<figure class=\"wp-block-image size-large\"><img loading=\"lazy\" decoding=\"async\" width=\"819\" height=\"1024\" src=\"https:\/\/fiorellalarosa.com\/wp-content\/uploads\/2025\/02\/img_9105-2-1-819x1024.jpg\" class=\"wp-image-26464\" srcset=\"https:\/\/fiorellalarosa.com\/wp-content\/uploads\/2025\/02\/img_9105-2-1-819x1024.jpg 819w, https:\/\/fiorellalarosa.com\/wp-content\/uploads\/2025\/02\/img_9105-2-1-240x300.jpg 240w, https:\/\/fiorellalarosa.com\/wp-content\/uploads\/2025\/02\/img_9105-2-1-768x960.jpg 768w, https:\/\/fiorellalarosa.com\/wp-content\/uploads\/2025\/02\/img_9105-2-1-1229x1536.jpg 1229w, https:\/\/fiorellalarosa.com\/wp-content\/uploads\/2025\/02\/img_9105-2-1-1320x1650.jpg 1320w, https:\/\/fiorellalarosa.com\/wp-content\/uploads\/2025\/02\/img_9105-2-1-600x750.jpg 600w, https:\/\/fiorellalarosa.com\/wp-content\/uploads\/2025\/02\/img_9105-2-1.jpg 1600w\" sizes=\"auto, (max-width: 819px) 100vw, 819px\" \/><\/figure>\n\n\n\n<p class=\"p1\">La direcci\u00f3n de Diego Reinhold se refleja en una puesta en escena \u00e1gil y din\u00e1mica, que mantiene al p\u00fablico enganchado de principio a fin. La qu\u00edmica entre los actores es palpable, y cada uno aporta una energ\u00eda \u00fanica que enriquece la narrativa. La obra, escrita por Claudia Morales y Sebasti\u00e1n Presta, aborda con humor y sensibilidad temas cotidianos con los que muchos pueden identificarse.<\/p>\n\n\n\n<div style=\"height:20px\" aria-hidden=\"true\" class=\"wp-block-spacer\"><\/div>\n\n\n\n<p class=\"p1\">Como admiradora del trabajo de Sebasti\u00e1n Presta, especialmente despu\u00e9s de disfrutar \u201cMi madre, mi novia y yo\u201d, mis expectativas eran altas. \u201cMi amiga y yo\u201d no solo las cumpli\u00f3, sino que las super\u00f3 con creces. La combinaci\u00f3n de un guion inteligente, actuaciones destacadas y una direcci\u00f3n precisa result\u00f3 en una experiencia teatral memorable.<\/p>\n\n\n\n<div style=\"height:20px\" aria-hidden=\"true\" class=\"wp-block-spacer\"><\/div>\n\n\n\n<p class=\"p1\">Agradezco a <a href=\"https:\/\/www.instagram.com\/soy.prensa\/\" target=\"_blank\" rel=\"noreferrer noopener\">@soy.prensa<\/a> por la invitaci\u00f3n a esta funci\u00f3n especial. Para quienes deseen disfrutar de esta comedia imperdible, \u201cMi amiga y yo\u201d se presenta de jueves a domingos en la Sala Picasso del Paseo La Plaza. Las entradas est\u00e1n disponibles a trav\u00e9s de <a href=\"https:\/\/www.plateanet.com\/obra\/30531?obra=MI-AMIGA-Y-YO&#038;paso=inicio\" target=\"_blank\" rel=\"noreferrer noopener\">Plateanet<\/a> y en la boleter\u00eda del teatro. \u00a1No se la pierdan!<\/p>\n","protected":false},"excerpt":{"rendered":"<p>El pasado jueves 13 de febrero tuve el placer de asistir a la funci\u00f3n de prensa de \u201cMi amiga y yo\u201d en la Sala Picasso de Paseo La Plaza, ubicada en la emblem\u00e1tica Avenida Corrientes de la Ciudad de Buenos Aires. Con un elenco destacado conformado por Sebasti\u00e1n Presta, Josefina Scaglione, Sabrina Lara y Leandro [&hellip;]<\/p>\n","protected":false},"author":1,"featured_media":26462,"comment_status":"open","ping_status":"open","sticky":false,"template":"","format":"standard","meta":{"_uag_custom_page_level_css":"","site-sidebar-layout":"default","site-content-layout":"","ast-site-content-layout":"default","site-content-style":"default","site-sidebar-style":"default","ast-global-header-display":"","ast-banner-title-visibility":"","ast-main-header-display":"","ast-hfb-above-header-display":"","ast-hfb-below-header-display":"","ast-hfb-mobile-header-display":"","site-post-title":"","ast-breadcrumbs-content":"","ast-featured-img":"","footer-sml-layout":"","ast-disable-related-posts":"","theme-transparent-header-meta":"","adv-header-id-meta":"","stick-header-meta":"","header-above-stick-meta":"","header-main-stick-meta":"","header-below-stick-meta":"","astra-migrate-meta-layouts":"set","ast-page-background-enabled":"default","ast-page-background-meta":{"desktop":{"background-color":"","background-image":"","background-repeat":"repeat","background-position":"center center","background-size":"auto","background-attachment":"scroll","background-type":"","background-media":"","overlay-type":"","overlay-color":"","overlay-opacity":"","overlay-gradient":""},"tablet":{"background-color":"","background-image":"","background-repeat":"repeat","background-position":"center center","background-size":"auto","background-attachment":"scroll","background-type":"","background-media":"","overlay-type":"","overlay-color":"","overlay-opacity":"","overlay-gradient":""},"mobile":{"background-color":"","background-image":"","background-repeat":"repeat","background-position":"center center","background-size":"auto","background-attachment":"scroll","background-type":"","background-media":"","overlay-type":"","overlay-color":"","overlay-opacity":"","overlay-gradient":""}},"ast-content-background-meta":{"desktop":{"background-color":"var(--ast-global-color-5)","background-image":"","background-repeat":"repeat","background-position":"center center","background-size":"auto","background-attachment":"scroll","background-type":"","background-media":"","overlay-type":"","overlay-color":"","overlay-opacity":"","overlay-gradient":""},"tablet":{"background-color":"var(--ast-global-color-5)","background-image":"","background-repeat":"repeat","background-position":"center center","background-size":"auto","background-attachment":"scroll","background-type":"","background-media":"","overlay-type":"","overlay-color":"","overlay-opacity":"","overlay-gradient":""},"mobile":{"background-color":"var(--ast-global-color-5)","background-image":"","background-repeat":"repeat","background-position":"center center","background-size":"auto","background-attachment":"scroll","background-type":"","background-media":"","overlay-type":"","overlay-color":"","overlay-opacity":"","overlay-gradient":""}},"_jetpack_memberships_contains_paid_content":false,"footnotes":""},"categories":[36,41,35],"tags":[131,129,119,125,128,124,126,121,123,114,130,115,122,118,132,116,127,120,117],"class_list":["post-26465","post","type-post","status-publish","format-standard","has-post-thumbnail","hentry","category-atracciones","category-buenos-aires","category-salidas-ba","tag-cartelera-paseo-la-plaza","tag-cartelera-teatral-buenos-aires-2025","tag-comedia-teatral-buenos-aires","tag-comedias-en-buenos-aires","tag-comedias-recomendadas-en-buenos-aires","tag-diego-reinhold-director","tag-funciones-de-teatro-buenos-aires","tag-josefina-scaglione-obra","tag-leandro-serodino-actor","tag-mi-amiga-y-yo-obra","tag-obra-de-teatro-en-caba","tag-obra-mi-amiga-y-yo-buenos-aires","tag-sabrina-lara-actriz","tag-sala-picasso-paseo-la-plaza","tag-sebastian-presta-comedia","tag-sebastian-presta-obra","tag-teatro-argentino-2025","tag-teatro-en-avenida-corrientes","tag-teatro-paseo-la-plaza"],"jetpack_featured_media_url":"https:\/\/fiorellalarosa.com\/wp-content\/uploads\/2025\/02\/img_9135-1.jpg","uagb_featured_image_src":{"full":["https:\/\/fiorellalarosa.com\/wp-content\/uploads\/2025\/02\/img_9135-1.jpg",425,318,false],"thumbnail":["https:\/\/fiorellalarosa.com\/wp-content\/uploads\/2025\/02\/img_9135-1-150x150.jpg",150,150,true],"medium":["https:\/\/fiorellalarosa.com\/wp-content\/uploads\/2025\/02\/img_9135-1-300x224.jpg",300,224,true],"medium_large":["https:\/\/fiorellalarosa.com\/wp-content\/uploads\/2025\/02\/img_9135-1.jpg",425,318,false],"large":["https:\/\/fiorellalarosa.com\/wp-content\/uploads\/2025\/02\/img_9135-1.jpg",425,318,false],"1536x1536":["https:\/\/fiorellalarosa.com\/wp-content\/uploads\/2025\/02\/img_9135-1.jpg",425,318,false],"2048x2048":["https:\/\/fiorellalarosa.com\/wp-content\/uploads\/2025\/02\/img_9135-1.jpg",425,318,false],"mailpoet_newsletter_max":["https:\/\/fiorellalarosa.com\/wp-content\/uploads\/2025\/02\/img_9135-1.jpg",425,318,false],"woocommerce_thumbnail":["https:\/\/fiorellalarosa.com\/wp-content\/uploads\/2025\/02\/img_9135-1-300x300.jpg",300,300,true],"woocommerce_single":["https:\/\/fiorellalarosa.com\/wp-content\/uploads\/2025\/02\/img_9135-1.jpg",425,318,false],"woocommerce_gallery_thumbnail":["https:\/\/fiorellalarosa.com\/wp-content\/uploads\/2025\/02\/img_9135-1-100x100.jpg",100,100,true]},"uagb_author_info":{"display_name":"Fiorella La Rosa","author_link":"https:\/\/fiorellalarosa.com\/?author=1"},"uagb_comment_info":0,"uagb_excerpt":"El pasado jueves 13 de febrero tuve el placer de asistir a la funci\u00f3n de prensa de \u201cMi amiga y yo\u201d en la Sala Picasso de Paseo La Plaza, ubicada en la emblem\u00e1tica Avenida Corrientes de la Ciudad de Buenos Aires. Con un elenco destacado conformado por Sebasti\u00e1n Presta, Josefina Scaglione, Sabrina Lara y Leandro&hellip;","jetpack_sharing_enabled":true,"rttpg_featured_image_url":{"full":["https:\/\/fiorellalarosa.com\/wp-content\/uploads\/2025\/02\/img_9135-1.jpg",425,318,false],"landscape":["https:\/\/fiorellalarosa.com\/wp-content\/uploads\/2025\/02\/img_9135-1.jpg",425,318,false],"portraits":["https:\/\/fiorellalarosa.com\/wp-content\/uploads\/2025\/02\/img_9135-1.jpg",425,318,false],"thumbnail":["https:\/\/fiorellalarosa.com\/wp-content\/uploads\/2025\/02\/img_9135-1-150x150.jpg",150,150,true],"medium":["https:\/\/fiorellalarosa.com\/wp-content\/uploads\/2025\/02\/img_9135-1-300x224.jpg",300,224,true],"large":["https:\/\/fiorellalarosa.com\/wp-content\/uploads\/2025\/02\/img_9135-1.jpg",425,318,false],"1536x1536":["https:\/\/fiorellalarosa.com\/wp-content\/uploads\/2025\/02\/img_9135-1.jpg",425,318,false],"2048x2048":["https:\/\/fiorellalarosa.com\/wp-content\/uploads\/2025\/02\/img_9135-1.jpg",425,318,false],"mailpoet_newsletter_max":["https:\/\/fiorellalarosa.com\/wp-content\/uploads\/2025\/02\/img_9135-1.jpg",425,318,false],"woocommerce_thumbnail":["https:\/\/fiorellalarosa.com\/wp-content\/uploads\/2025\/02\/img_9135-1-300x300.jpg",300,300,true],"woocommerce_single":["https:\/\/fiorellalarosa.com\/wp-content\/uploads\/2025\/02\/img_9135-1.jpg",425,318,false],"woocommerce_gallery_thumbnail":["https:\/\/fiorellalarosa.com\/wp-content\/uploads\/2025\/02\/img_9135-1-100x100.jpg",100,100,true]},"rttpg_author":{"display_name":"Fiorella La Rosa","author_link":"https:\/\/fiorellalarosa.com\/?author=1"},"rttpg_comment":0,"rttpg_category":"<a href=\"https:\/\/fiorellalarosa.com\/?cat=36\" rel=\"category\">Atracciones<\/a> <a href=\"https:\/\/fiorellalarosa.com\/?cat=41\" rel=\"category\">Buenos Aires<\/a> <a href=\"https:\/\/fiorellalarosa.com\/?cat=35\" rel=\"category\">Salidas BA<\/a>","rttpg_excerpt":"El pasado jueves 13 de febrero tuve el placer de asistir a la funci\u00f3n de prensa de \u201cMi amiga y yo\u201d en la Sala Picasso de Paseo La Plaza, ubicada en la emblem\u00e1tica Avenida Corrientes de la Ciudad de Buenos Aires. Con un elenco destacado conformado por Sebasti\u00e1n Presta, Josefina Scaglione, Sabrina Lara y Leandro&hellip;","_links":{"self":[{"href":"https:\/\/fiorellalarosa.com\/index.php?rest_route=\/wp\/v2\/posts\/26465","targetHints":{"allow":["GET"]}}],"collection":[{"href":"https:\/\/fiorellalarosa.com\/index.php?rest_route=\/wp\/v2\/posts"}],"about":[{"href":"https:\/\/fiorellalarosa.com\/index.php?rest_route=\/wp\/v2\/types\/post"}],"author":[{"embeddable":true,"href":"https:\/\/fiorellalarosa.com\/index.php?rest_route=\/wp\/v2\/users\/1"}],"replies":[{"embeddable":true,"href":"https:\/\/fiorellalarosa.com\/index.php?rest_route=%2Fwp%2Fv2%2Fcomments&post=26465"}],"version-history":[{"count":2,"href":"https:\/\/fiorellalarosa.com\/index.php?rest_route=\/wp\/v2\/posts\/26465\/revisions"}],"predecessor-version":[{"id":26813,"href":"https:\/\/fiorellalarosa.com\/index.php?rest_route=\/wp\/v2\/posts\/26465\/revisions\/26813"}],"wp:featuredmedia":[{"embeddable":true,"href":"https:\/\/fiorellalarosa.com\/index.php?rest_route=\/wp\/v2\/media\/26462"}],"wp:attachment":[{"href":"https:\/\/fiorellalarosa.com\/index.php?rest_route=%2Fwp%2Fv2%2Fmedia&parent=26465"}],"wp:term":[{"taxonomy":"category","embeddable":true,"href":"https:\/\/fiorellalarosa.com\/index.php?rest_route=%2Fwp%2Fv2%2Fcategories&post=26465"},{"taxonomy":"post_tag","embeddable":true,"href":"https:\/\/fiorellalarosa.com\/index.php?rest_route=%2Fwp%2Fv2%2Ftags&post=26465"}],"curies":[{"name":"wp","href":"https:\/\/api.w.org\/{rel}","templated":true}]}}